{"id":12994,"date":"2021-04-16T10:01:19","date_gmt":"2021-04-16T13:01:19","guid":{"rendered":"https:\/\/tvc16.com\/portal\/?p=12994"},"modified":"2021-04-16T10:01:20","modified_gmt":"2021-04-16T13:01:20","slug":"numero-de-obitos-por-covid-19-chega-a-847-em-petropolis","status":"publish","type":"post","link":"https:\/\/tvc16.com\/portal\/2021\/04\/16\/numero-de-obitos-por-covid-19-chega-a-847-em-petropolis\/","title":{"rendered":"N\u00famero de \u00f3bitos por covid-19 chega a 847 em Petr\u00f3polis"},"content":{"rendered":"\n<p>O Setor de Epidemiologia incluiu nove \u00f3bitos de pacientes na base de dados da Secretaria de Sa\u00fade, nesta quinta-feira (15). O boletim epidemiol\u00f3gico mostra que Petr\u00f3polis fez, at\u00e9 agora, 138.144 testes para Covid-19, com 28.400 resultados positivos e 106.393 negativos (levando em considera\u00e7\u00e3o testes r\u00e1pidos e Swab). Neste momento, est\u00e3o sendo inclu\u00eddos no sistema dados que estavam represados desde o ano passado.<\/p>\n\n\n\n<p>Neste momento, 166 pessoas est\u00e3o internadas em leitos de UTI privados e pelo SUS. Outras 160 est\u00e3o em leitos cl\u00ednicos, considerando leitos privados e SUS, totalizando assim, 326 interna\u00e7\u00f5es em toda a rede da cidade. A ocupa\u00e7\u00e3o de leitos cl\u00ednicos pelo SUS \u00e9 de 67,72% e 88,71% em leitos de UTI.<\/p>\n\n\n\n<p>A Secretaria de Sa\u00fade esclarece que o n\u00famero de \u00f3bitos, hoje em 847, \u00e9 atualizado nos boletins apenas ap\u00f3s o registro do atestado de \u00f3bito e do resultado do exame do paciente no sistema da Vigil\u00e2ncia Epidemiol\u00f3gica, o que \u00e9 feito por equipe administrativa. Trata-se de medida de seguran\u00e7a para evitar erro na informa\u00e7\u00e3o divulgada pela Secretaria de Sa\u00fade.<\/p>\n\n\n\n<p>A Secretaria acrescenta, ainda, que trabalha na atualiza\u00e7\u00e3o de dados de notifica\u00e7\u00f5es e casos em an\u00e1lise no sistema, inserindo ainda dados n\u00e3o lan\u00e7ados no fim do ano passado. \u00c9 poss\u00edvel acompanhar a evolu\u00e7\u00e3o dos casos no portal da transpar\u00eancia do coronav\u00edrus, no site da Prefeitura (www.petropolis.rj.gov.br)<\/p>\n\n\n\n<p>\u00d3bitos registrados:<br>1- Homem, 51 anos, morador do Centen\u00e1rio. Internado em 08.04.21 no SMH. \u00d3bito registrado em 09.04.21 no SMH. Paciente tinha hipertens\u00e3o arterial e hipotireoidismo.<\/p>\n\n\n\n<p>2- Homem, 60 anos, morador do bairro da Gloria, internado em 31.03.21 na UPA Cascatinha e transferido para a UPA Itaipava. \u00d3bito registrado na UPA Itaipava em 07.04.21. Paciente tinha hipertens\u00e3o arterial.<\/p>\n\n\n\n<p>3- Homem, 48 anos, morador da Coronel Veiga. Internado em 31.03.21 no SMH. \u00d3bito registrado em 07.04.21. Paciente tinha obesidade.<\/p>\n\n\n\n<p>4- Homem, 73 anos, morador do Bela Vista. Internado em 11.03.21 no HAC. \u00d3bito registrado em 09.04.21. Paciente com neoplasia hep\u00e1tica.<\/p>\n\n\n\n<p>5- Mulher, 73 anos, moradora de Correas. Internada em 11.04.21 na UPA Itaipava. \u00d3bito registrado em 11.04.21 na UPA Itaipava. Paciente com Hipertens\u00e3o arterial e diabetes.<\/p>\n\n\n\n<p>6- Homem, 61 anos, morador da Castel\u00e2nea. Internado na UPA-Cascatinha em 30.03.21 e transferido para o HMNSE. \u00d3bito registrado. em 12.04.21 no HMNSE. Paciente tinha diabetes e hipertens\u00e3o arterial.<\/p>\n\n\n\n<p>7- Homem, 40 anos, morador da Mosela. Internado na UPA Cascatinha em 05.04.21 e transferido para o HMNSE em 07.04.21. \u00d3bito registrado em 13.04.21 no HMNSE.<\/p>\n\n\n\n<p>8- Mulher, 87 anos, morador do S\u00e3o Sebasti\u00e3o. Internado em 27.03.21 na UPA Cascatinha e transferido para o HAC em 30.03.21. \u00d3bito registrado em 14.04.21 no HAC. Paciente com Diabetes.<\/p>\n\n\n\n<p>9- Mulher, 89 anos, moradora da Coronel Veiga, internado em 26.03.21 no HAC. \u00d3bito registrado em 14.04.21 no HAC. Paciente com doen\u00e7a pulmonar obstrutiva cr\u00f4nica e doen\u00e7a cardiovascular cr\u00f4nica.<\/p>\n","protected":false},"excerpt":{"rendered":"<p>O Setor de Epidemiologia incluiu nove \u00f3bitos de pacientes na base de dados da Secretaria<\/p>\n","protected":false},"author":2,"featured_media":12995,"comment_status":"open","ping_status":"open","sticky":false,"template":"","format":"standard","meta":{"footnotes":""},"categories":[12],"tags":[],"class_list":["post-12994","post","type-post","status-publish","format-standard","has-post-thumbnail","hentry","category-cidade"],"_links":{"self":[{"href":"https:\/\/tvc16.com\/portal\/wp-json\/wp\/v2\/posts\/12994","targetHints":{"allow":["GET"]}}],"collection":[{"href":"https:\/\/tvc16.com\/portal\/wp-json\/wp\/v2\/posts"}],"about":[{"href":"https:\/\/tvc16.com\/portal\/wp-json\/wp\/v2\/types\/post"}],"author":[{"embeddable":true,"href":"https:\/\/tvc16.com\/portal\/wp-json\/wp\/v2\/users\/2"}],"replies":[{"embeddable":true,"href":"https:\/\/tvc16.com\/portal\/wp-json\/wp\/v2\/comments?post=12994"}],"version-history":[{"count":1,"href":"https:\/\/tvc16.com\/portal\/wp-json\/wp\/v2\/posts\/12994\/revisions"}],"predecessor-version":[{"id":12996,"href":"https:\/\/tvc16.com\/portal\/wp-json\/wp\/v2\/posts\/12994\/revisions\/12996"}],"wp:featuredmedia":[{"embeddable":true,"href":"https:\/\/tvc16.com\/portal\/wp-json\/wp\/v2\/media\/12995"}],"wp:attachment":[{"href":"https:\/\/tvc16.com\/portal\/wp-json\/wp\/v2\/media?parent=12994"}],"wp:term":[{"taxonomy":"category","embeddable":true,"href":"https:\/\/tvc16.com\/portal\/wp-json\/wp\/v2\/categories?post=12994"},{"taxonomy":"post_tag","embeddable":true,"href":"https:\/\/tvc16.com\/portal\/wp-json\/wp\/v2\/tags?post=12994"}],"curies":[{"name":"wp","href":"https:\/\/api.w.org\/{rel}","templated":true}]}}