{"id":12997,"date":"2021-04-16T10:02:07","date_gmt":"2021-04-16T13:02:07","guid":{"rendered":"https:\/\/tvc16.com\/portal\/?p=12997"},"modified":"2021-04-16T10:02:09","modified_gmt":"2021-04-16T13:02:09","slug":"com-remessa-especifica-enviada-pelo-estado-petropolis-comeca-vacinacao-das-forcas-de-seguranca","status":"publish","type":"post","link":"https:\/\/tvc16.com\/portal\/2021\/04\/16\/com-remessa-especifica-enviada-pelo-estado-petropolis-comeca-vacinacao-das-forcas-de-seguranca\/","title":{"rendered":"Com remessa espec\u00edfica enviada pelo Estado, Petr\u00f3polis come\u00e7a vacina\u00e7\u00e3o das for\u00e7as de seguran\u00e7a"},"content":{"rendered":"\n<p>Petr\u00f3polis iniciou nesta quarta-feira (14) a vacina\u00e7\u00e3o das for\u00e7as de seguran\u00e7a da cidade. O trabalho segue determina\u00e7\u00e3o do Governo do Estado, que enviou neste m\u00eas aos munic\u00edpios remessas espec\u00edficas da vacina para este grupo. Foram dois lotes, que totalizam 260 doses, divididas de acordo com crit\u00e9rios estabelecidos pelo Estado \u00e0 Pol\u00edcia Militar, Pol\u00edcia Civil, Corpo de Bombeiros, Pol\u00edcia Rodovi\u00e1ria Federal, Pol\u00edcia Federal e Guarda Civil Municipal.<\/p>\n\n\n\n<p>Para a vacina\u00e7\u00e3o, cada corpora\u00e7\u00e3o precisou enviar \u00e0 Coordenadoria de Epidemiologia uma listagem nominal, incluindo apenas pessoas que atendem os crit\u00e9rios estabelecidos em circular estadual, que levam em conta a atividade exercida.<\/p>\n\n\n\n<p>\u201cA vacina\u00e7\u00e3o deste grupo come\u00e7ou agora com doses enviadas exclusivamente pelo Estado para este p\u00fablico. O trabalho ser\u00e1 realizado paralelamente aos demais, sempre seguindo as determina\u00e7\u00f5es do Minist\u00e9rio da Sa\u00fade e da Secretaria Estadual de Sa\u00fade\u201d, informou o secret\u00e1rio de Sa\u00fade, Aloisio Barbosa da Silva Filho, lembrando que o trabalho tem o acompanhamento do Minist\u00e9rio P\u00fablico, que mant\u00e9m reuni\u00f5es semanais com o governo municipal.<\/p>\n\n\n\n<p>\u201cA campanha de vacina\u00e7\u00e3o est\u00e1 avan\u00e7ando conforme a chegada de doses. Iniciamos tamb\u00e9m nesta quinta-feira a vacina\u00e7\u00e3o de idosos de 67 anos. Temos, hoje, 10 pontos de vacina\u00e7\u00e3o funcionando e, para continuarmos avan\u00e7ando com a vacina\u00e7\u00e3o, \u00e9 necess\u00e1rio recebermos quantidades maiores de vacina\u201d, comentou.<\/p>\n","protected":false},"excerpt":{"rendered":"<p>Petr\u00f3polis iniciou nesta quarta-feira (14) a vacina\u00e7\u00e3o das for\u00e7as de seguran\u00e7a da cidade. O trabalho<\/p>\n","protected":false},"author":2,"featured_media":12998,"comment_status":"open","ping_status":"open","sticky":false,"template":"","format":"standard","meta":{"footnotes":""},"categories":[12],"tags":[],"class_list":["post-12997","post","type-post","status-publish","format-standard","has-post-thumbnail","hentry","category-cidade"],"_links":{"self":[{"href":"https:\/\/tvc16.com\/portal\/wp-json\/wp\/v2\/posts\/12997","targetHints":{"allow":["GET"]}}],"collection":[{"href":"https:\/\/tvc16.com\/portal\/wp-json\/wp\/v2\/posts"}],"about":[{"href":"https:\/\/tvc16.com\/portal\/wp-json\/wp\/v2\/types\/post"}],"author":[{"embeddable":true,"href":"https:\/\/tvc16.com\/portal\/wp-json\/wp\/v2\/users\/2"}],"replies":[{"embeddable":true,"href":"https:\/\/tvc16.com\/portal\/wp-json\/wp\/v2\/comments?post=12997"}],"version-history":[{"count":1,"href":"https:\/\/tvc16.com\/portal\/wp-json\/wp\/v2\/posts\/12997\/revisions"}],"predecessor-version":[{"id":12999,"href":"https:\/\/tvc16.com\/portal\/wp-json\/wp\/v2\/posts\/12997\/revisions\/12999"}],"wp:featuredmedia":[{"embeddable":true,"href":"https:\/\/tvc16.com\/portal\/wp-json\/wp\/v2\/media\/12998"}],"wp:attachment":[{"href":"https:\/\/tvc16.com\/portal\/wp-json\/wp\/v2\/media?parent=12997"}],"wp:term":[{"taxonomy":"category","embeddable":true,"href":"https:\/\/tvc16.com\/portal\/wp-json\/wp\/v2\/categories?post=12997"},{"taxonomy":"post_tag","embeddable":true,"href":"https:\/\/tvc16.com\/portal\/wp-json\/wp\/v2\/tags?post=12997"}],"curies":[{"name":"wp","href":"https:\/\/api.w.org\/{rel}","templated":true}]}}