{"id":13000,"date":"2021-04-16T10:10:42","date_gmt":"2021-04-16T13:10:42","guid":{"rendered":"https:\/\/tvc16.com\/portal\/?p=13000"},"modified":"2021-04-16T10:10:44","modified_gmt":"2021-04-16T13:10:44","slug":"obras-do-dnit-causam-transtornos-na-estrada-uniao-e-industria","status":"publish","type":"post","link":"https:\/\/tvc16.com\/portal\/2021\/04\/16\/obras-do-dnit-causam-transtornos-na-estrada-uniao-e-industria\/","title":{"rendered":"Obras do DNIT causam transtornos na Estrada Uni\u00e3o e Ind\u00fastria"},"content":{"rendered":"\n<p>Ap\u00f3s constantes reclama\u00e7\u00f5es de motoristas e usu\u00e1rios do transporte p\u00fablico, devido aos atrasos ocasionados pelas obras que est\u00e3o sendo promovidas pelo Departamento Nacional de Infraestrutura e Transporte (DNIT), na Estrada Uni\u00e3o e Ind\u00fastria, a CPTrans promoveu na quinta-feira (15), a\u00e7\u00f5es experimentais no trecho, com objetivo de melhorar tr\u00e2nsito em Itaipava. A espera apenas no Trevo de Bonsucesso estava em torno de 50 minutos, o que provocou grandes congestionamentos.<\/p>\n\n\n\n<p>Entre as a\u00e7\u00f5es implementadas, a companhia intensificou a fiscaliza\u00e7\u00e3o e orienta\u00e7\u00e3o aos motoristas e reajustou o tempo do sistema \u201cpare e siga\u201d da obra, buscando trazer mais mobilidade para o tr\u00e2nsito no distrito. Os agentes de tr\u00e2nsito da cidade se utilizaram das chamadas body cam e fizeram uso, inclusive, de um drone para identificar o motivo das reten\u00e7\u00f5es e encontrar solu\u00e7\u00f5es. Mudan\u00e7as na sinaliza\u00e7\u00e3o horizontal tamb\u00e9m foram implementadas na altura do trevo de Bonsucesso.<\/p>\n\n\n\n<figure class=\"wp-block-image size-large\"><img loading=\"lazy\" decoding=\"async\" width=\"1024\" height=\"768\" src=\"https:\/\/tvc16.com\/portal\/wp-content\/uploads\/2021\/04\/WhatsApp-Image-2021-04-15-at-19.31.06-1-1024x768.jpeg\" alt=\"\" class=\"wp-image-13001\" srcset=\"https:\/\/tvc16.com\/portal\/wp-content\/uploads\/2021\/04\/WhatsApp-Image-2021-04-15-at-19.31.06-1-1024x768.jpeg 1024w, https:\/\/tvc16.com\/portal\/wp-content\/uploads\/2021\/04\/WhatsApp-Image-2021-04-15-at-19.31.06-1-300x225.jpeg 300w, https:\/\/tvc16.com\/portal\/wp-content\/uploads\/2021\/04\/WhatsApp-Image-2021-04-15-at-19.31.06-1-768x576.jpeg 768w, https:\/\/tvc16.com\/portal\/wp-content\/uploads\/2021\/04\/WhatsApp-Image-2021-04-15-at-19.31.06-1-200x150.jpeg 200w, https:\/\/tvc16.com\/portal\/wp-content\/uploads\/2021\/04\/WhatsApp-Image-2021-04-15-at-19.31.06-1.jpeg 1280w\" sizes=\"auto, (max-width: 1024px) 100vw, 1024px\" \/><\/figure>\n\n\n\n<p>&#8220;Espero que isso ajude um pouco, pois os reflexos das obras no tr\u00e2nsito est\u00e1 imposs\u00edvel. Eu que ando de \u00f4nibus via o sofrimentos dos motoristas com as viagens atrasadas, e sem poder ir ao banheiro quando finalmente chegavam ao destino final. Al\u00e9m disso, tenho que sair horas antes de casa para \u00e3o chegar atrasada nos compromissos. Sabemos que as interven\u00e7\u00f5es s\u00e3o necess\u00e1rias, mas elas precisam ser planejadas&#8221;, disse Ana Cristina, moradora de Araras.<\/p>\n\n\n\n<p>Na manh\u00e3 de hoje (16) a CPTrans vai realizar, tamb\u00e9m em car\u00e1ter experimental, a interdi\u00e7\u00e3o do trecho da Estrada Uni\u00e3o e Ind\u00fastria (sentido Itaipava) entre Nogueira e Bonsucesso. O tr\u00e2nsito desviado pela antiga Estrada Mineira no trecho at\u00e9 a ponte de Vila Epit\u00e1cio. \u201cVamos tentar esta alternativa como forma de melhorar a trafegabilidade naquele local\u201d, concluiu Luciano Moreira.<\/p>\n\n\n\n<p>O presidente da CPTrans, Luciano Moreira, disse que o trecho \u00e9 um dos pontos mais cr\u00edticos do tr\u00e2nsito nos distritos. Uma irregularidade muito cometida, e que foi impedida pelos agentes na tarde de hoje, foi o chamado \u201cfura fila\u201d por parte daqueles que trafegam pela direita na altura da Granja Brasil e tentam entrar no trevo, sentido Centro.<\/p>\n\n\n\n<p>\u201cAqueles que estavam na pista da direita foram obrigados a seguir em dire\u00e7\u00e3o \u00e0 BR-040. Essa irregularidade cometida \u00e9 um dos principais motivos de reten\u00e7\u00e3o naquele trecho\u201d, explicou o presidente da CPTrans.<\/p>\n\n\n\n<p><\/p>\n","protected":false},"excerpt":{"rendered":"<p>Ap\u00f3s constantes reclama\u00e7\u00f5es de motoristas e usu\u00e1rios do transporte p\u00fablico, devido aos atrasos ocasionados pelas<\/p>\n","protected":false},"author":2,"featured_media":13002,"comment_status":"open","ping_status":"open","sticky":false,"template":"","format":"standard","meta":{"footnotes":""},"categories":[12],"tags":[],"class_list":["post-13000","post","type-post","status-publish","format-standard","has-post-thumbnail","hentry","category-cidade"],"_links":{"self":[{"href":"https:\/\/tvc16.com\/portal\/wp-json\/wp\/v2\/posts\/13000","targetHints":{"allow":["GET"]}}],"collection":[{"href":"https:\/\/tvc16.com\/portal\/wp-json\/wp\/v2\/posts"}],"about":[{"href":"https:\/\/tvc16.com\/portal\/wp-json\/wp\/v2\/types\/post"}],"author":[{"embeddable":true,"href":"https:\/\/tvc16.com\/portal\/wp-json\/wp\/v2\/users\/2"}],"replies":[{"embeddable":true,"href":"https:\/\/tvc16.com\/portal\/wp-json\/wp\/v2\/comments?post=13000"}],"version-history":[{"count":1,"href":"https:\/\/tvc16.com\/portal\/wp-json\/wp\/v2\/posts\/13000\/revisions"}],"predecessor-version":[{"id":13003,"href":"https:\/\/tvc16.com\/portal\/wp-json\/wp\/v2\/posts\/13000\/revisions\/13003"}],"wp:featuredmedia":[{"embeddable":true,"href":"https:\/\/tvc16.com\/portal\/wp-json\/wp\/v2\/media\/13002"}],"wp:attachment":[{"href":"https:\/\/tvc16.com\/portal\/wp-json\/wp\/v2\/media?parent=13000"}],"wp:term":[{"taxonomy":"category","embeddable":true,"href":"https:\/\/tvc16.com\/portal\/wp-json\/wp\/v2\/categories?post=13000"},{"taxonomy":"post_tag","embeddable":true,"href":"https:\/\/tvc16.com\/portal\/wp-json\/wp\/v2\/tags?post=13000"}],"curies":[{"name":"wp","href":"https:\/\/api.w.org\/{rel}","templated":true}]}}