{"id":13014,"date":"2021-04-16T12:40:01","date_gmt":"2021-04-16T15:40:01","guid":{"rendered":"https:\/\/tvc16.com\/portal\/?p=13014"},"modified":"2021-04-16T12:40:03","modified_gmt":"2021-04-16T15:40:03","slug":"municipios-receberao-r-247-milhoes-para-prevenir-covid-19-em-gravidas","status":"publish","type":"post","link":"https:\/\/tvc16.com\/portal\/2021\/04\/16\/municipios-receberao-r-247-milhoes-para-prevenir-covid-19-em-gravidas\/","title":{"rendered":"Munic\u00edpios receber\u00e3o R$ 247 milh\u00f5es para prevenir covid-19 em gr\u00e1vidas"},"content":{"rendered":"\n<h3 class=\"wp-block-heading\">Portaria com a libera\u00e7\u00e3o dos recursos ser\u00e1 publicada nos pr\u00f3ximos dias<\/h3>\n\n\n\n<h4 class=\"wp-block-heading\">Por Karine Melo &#8211; Rep\u00f3rter da Ag\u00eancia Brasil &#8211; Bras\u00edlia<br>Atualizado em 16\/04\/2021 &#8211; 11:53<\/h4>\n\n\n\n<p>Os munic\u00edpios receber\u00e3o R$ 247 milh\u00f5es para prevenir a dissemina\u00e7\u00e3o da covid-19&nbsp;entre gestantes. Uma portaria do Minist\u00e9rio da Sa\u00fade com a libera\u00e7\u00e3o dos recursos deve ser publicada nos pr\u00f3ximos dias, informou hoje (16) o Minist\u00e9rio da Sa\u00fade, em coletiva de imprensa com secret\u00e1rios da pasta.<img decoding=\"async\" src=\"https:\/\/agenciabrasil.ebc.com.br\/ebc.png?id=1406991&amp;o=node\"><img decoding=\"async\" src=\"https:\/\/agenciabrasil.ebc.com.br\/ebc.gif?id=1406991&amp;o=node\"><\/p>\n\n\n\n<p>De acordo com o minist\u00e9rio, os recursos dever\u00e3o ser direcionados pelos munic\u00edpios para custeio de hospedagem de gr\u00e1vidas e pu\u00e9rperas que n\u00e3o t\u00eam condi\u00e7\u00f5es de isolamento domiciliar e distanciamento social. Al\u00e9m dos valores anunciados hoje, o Minist\u00e9rio ressaltou que R$ 1 bilh\u00e3o j\u00e1 foi direcionado a gestantes, considerando investimentos feitos pelo governo em 2020 e 2021.<\/p>\n\n\n\n<p>O destino dos recursos &#8211; acordado entre a pasta e os conselhos nacionais de Secret\u00e1rios de Sa\u00fade (Conass) e de Secretarias Municipais de Sa\u00fade ( Conasens) &#8211; tamb\u00e9m ser\u00e1 para a identifica\u00e7\u00e3o precoce e o monitoramento de sintomas da covid-19, para qualificar o atendimento para o pr\u00e9-natal, parto e puerp\u00e9rio e para o atendimento odontol\u00f3gico das gestantes.<\/p>\n\n\n\n<p>Durante a coletiva o secret\u00e1rio de Aten\u00e7\u00e3o Prim\u00e1ria \u00e0 Sa\u00fade do minist\u00e9rio, Raphael C\u00e2mara Medeiros Parente, afirmou que a cepa P.1 do v\u00edrus, conhecida como variante de Manaus, mostrou agressividade maior em gr\u00e1vidas quando comparada com o v\u00edrus que circulava em 2020.<\/p>\n\n\n\n<h2 class=\"wp-block-heading\">Vacina\u00e7\u00e3o de gr\u00e1vidas<\/h2>\n\n\n\n<p>Segundo Parente, \u00e9 orienta\u00e7\u00e3o da pasta vacinar contra a covid-19 gr\u00e1vidas com fatores de risco, mas a imuniza\u00e7\u00e3o, segundo o ele, depende da pol\u00edtica de cada munic\u00edpio.<\/p>\n\n\n\n<h3 class=\"wp-block-heading\">Confira a entrevista coletiva:<\/h3>\n\n\n\n<figure class=\"wp-block-embed is-type-rich is-provider-incorporar-manipulador wp-block-embed-incorporar-manipulador wp-embed-aspect-16-9 wp-has-aspect-ratio\"><div class=\"wp-block-embed__wrapper\">\nhttps:\/\/youtube.com\/watch?v=xDt6PFL-wo0\n<\/div><\/figure>\n\n\n\n<p>Edi\u00e7\u00e3o: Kelly Oliveira<\/p>\n","protected":false},"excerpt":{"rendered":"<p>Portaria com a libera\u00e7\u00e3o dos recursos ser\u00e1 publicada nos pr\u00f3ximos dias Por Karine Melo &#8211;<\/p>\n","protected":false},"author":2,"featured_media":13016,"comment_status":"open","ping_status":"open","sticky":false,"template":"","format":"standard","meta":{"footnotes":""},"categories":[17],"tags":[],"class_list":["post-13014","post","type-post","status-publish","format-standard","has-post-thumbnail","hentry","category-outras-noticias"],"_links":{"self":[{"href":"https:\/\/tvc16.com\/portal\/wp-json\/wp\/v2\/posts\/13014","targetHints":{"allow":["GET"]}}],"collection":[{"href":"https:\/\/tvc16.com\/portal\/wp-json\/wp\/v2\/posts"}],"about":[{"href":"https:\/\/tvc16.com\/portal\/wp-json\/wp\/v2\/types\/post"}],"author":[{"embeddable":true,"href":"https:\/\/tvc16.com\/portal\/wp-json\/wp\/v2\/users\/2"}],"replies":[{"embeddable":true,"href":"https:\/\/tvc16.com\/portal\/wp-json\/wp\/v2\/comments?post=13014"}],"version-history":[{"count":1,"href":"https:\/\/tvc16.com\/portal\/wp-json\/wp\/v2\/posts\/13014\/revisions"}],"predecessor-version":[{"id":13017,"href":"https:\/\/tvc16.com\/portal\/wp-json\/wp\/v2\/posts\/13014\/revisions\/13017"}],"wp:featuredmedia":[{"embeddable":true,"href":"https:\/\/tvc16.com\/portal\/wp-json\/wp\/v2\/media\/13016"}],"wp:attachment":[{"href":"https:\/\/tvc16.com\/portal\/wp-json\/wp\/v2\/media?parent=13014"}],"wp:term":[{"taxonomy":"category","embeddable":true,"href":"https:\/\/tvc16.com\/portal\/wp-json\/wp\/v2\/categories?post=13014"},{"taxonomy":"post_tag","embeddable":true,"href":"https:\/\/tvc16.com\/portal\/wp-json\/wp\/v2\/tags?post=13014"}],"curies":[{"name":"wp","href":"https:\/\/api.w.org\/{rel}","templated":true}]}}