{"id":13021,"date":"2021-04-16T12:46:05","date_gmt":"2021-04-16T15:46:05","guid":{"rendered":"https:\/\/tvc16.com\/portal\/?p=13021"},"modified":"2021-04-16T12:46:08","modified_gmt":"2021-04-16T15:46:08","slug":"rio-remaneja-medicamentos-usados-em-intubacao-de-pacientes","status":"publish","type":"post","link":"https:\/\/tvc16.com\/portal\/2021\/04\/16\/rio-remaneja-medicamentos-usados-em-intubacao-de-pacientes\/","title":{"rendered":"Rio remaneja medicamentos usados em intuba\u00e7\u00e3o de pacientes"},"content":{"rendered":"\n<h3 class=\"wp-block-heading\">Material tem sido usado nas unidades com alto atendimento da covid-19<\/h3>\n\n\n\n<h4 class=\"wp-block-heading\">Por Cristina Indio do Brasil &#8211; Rep\u00f3rter da Ag\u00eancia Brasil &#8211; Rio de Janeiro<\/h4>\n\n\n\n<p>Os hospitais municipais, estaduais e federais no Rio de Janeiro t\u00eam estoque para tr\u00eas dias de medicamentos intrabloqueadores neuromusculares e sedativos usados na intuba\u00e7\u00e3o de pacientes Diante desse quadro, a Secretaria Municipal de Sa\u00fade tem feito remanejamento de insumos conforme a necessidade das unidades de sa\u00fade.&nbsp;<img decoding=\"async\" src=\"https:\/\/agenciabrasil.ebc.com.br\/ebc.png?id=1407011&amp;o=node\"><img decoding=\"async\" src=\"https:\/\/agenciabrasil.ebc.com.br\/ebc.gif?id=1407011&amp;o=node\"><\/p>\n\n\n\n<p>A informa\u00e7\u00e3o foi dada pelo secret\u00e1rio Daniel Soranz durante a apresenta\u00e7\u00e3o, hoje (16), do 15\u00ba Boletim Epidemiol\u00f3gico da Prefeitura do Rio. Segundo ele, todo o material dispon\u00edvel tem sido utilizado nas unidades com alto atendimento da covid-19 ou de outras doen\u00e7as com necessidade de intuba\u00e7\u00e3o, com a colabora\u00e7\u00e3o das redes SUS e privada para a manuten\u00e7\u00e3o dos insumos estrat\u00e9gicos. Ainda para manter o abastecimento, o remanejamento de insumos inclui medicamentos que eram do Centro de Controle de Zoonoses, informou o secret\u00e1rio.<\/p>\n\n\n\n<p>\u201cTodas as cirurgias eletivas est\u00e3o suspensas na cidade do Rio de Janeiro. Isso inclui as cirurgias no Centro de Veterin\u00e1ria. N\u00e3o faz o menor sentido continuar consumindo itens essenciais para intuba\u00e7\u00e3o para a sa\u00fade humana nas unidades veterin\u00e1rias, ent\u00e3o, a gente est\u00e1 utilizando todo esse material relativo a sedativos e intrabloqueadores neuromusculares nas unidades em que tem um alto atendimento de pessoas com covid ou outras doen\u00e7as que s\u00e3o necess\u00e1rias a intuba\u00e7\u00e3o\u201d, explicou.<\/p>\n\n\n\n<p>De acordo com Soranz, o ministro da Sa\u00fade, Marcelo Queiroga, garantiu um carregamento de medicamentos importados para esta semana. Hoje, o munic\u00edpio recebeu bloqueadores neuromusculares e sedativos, insumos estrat\u00e9gicos para manter o abastecimento ao longo dos pr\u00f3ximos dias.&nbsp;<\/p>\n\n\n\n<p>\u201cO Minist\u00e9rio da Sa\u00fade centralizou a compra e vem distribuindo atrav\u00e9s do governo do estado, respons\u00e1vel pela log\u00edstica da distribui\u00e7\u00e3o para as unidades municipais, federais e universit\u00e1rias e tamb\u00e9m para o remanejamento da rede privada. A gente insiste que nenhum hospital deve ter estoques muito longos para n\u00e3o falar em nenhum outro para que a gente possa fazer o remanejamento e manter a rede abastecida\u201d, disse.<\/p>\n\n\n\n<h2 class=\"wp-block-heading\">Risco alto<\/h2>\n\n\n\n<p>Apesar da queda na procura por atendimentos nas unidades de urg\u00eancia e emerg\u00eancia, a prefeitura do Rio decidiu manter a cidade em risco alto para a covid-19 e&nbsp;<a href=\"https:\/\/agenciabrasil.ebc.com.br\/geral\/noticia\/2021-04\/rio-de-janeiro-prorroga-medidas-restritivas-ate-27-de-abril\" target=\"_blank\" rel=\"noreferrer noopener\">prorrogar as medidas de restri\u00e7\u00e3o em vigor na cidade do dia 19 para o dia 27 de abril<\/a>. O secret\u00e1rio de Sa\u00fade disse que a recomenda\u00e7\u00e3o foi do Centro Especial de Opera\u00e7\u00f5es para a Covid-19 do munic\u00edpio, que n\u00e3o achou prudente reduzir as medidas restritivas, ainda que esses dados do cen\u00e1rio epidemiol\u00f3gico estejam melhores. \u201cAinda \u00e9 necess\u00e1rio manter as medidas restritivas na cidade\u201d, defendeu.<\/p>\n\n\n\n<p>Soranz confirmou que nos \u00faltimos dias foi registrado um recuo no n\u00famero de casos da covid-19 na cidade, mas a m\u00e9dia de mortes ainda tem aumentado. Ele explicou que os registros come\u00e7am com as solicita\u00e7\u00f5es de atendimento na rede de urg\u00eancia e emerg\u00eancia, posteriormente sobem os n\u00fameros de interna\u00e7\u00f5es e mais adiante os casos de \u00f3bitos. Agora, a capital est\u00e1 passando por um per\u00edodo de curva inversa e ainda com diminui\u00e7\u00e3o da fila de espera por leitos de covid-19, disse.<\/p>\n\n\n\n<p>\u201cVem reduzindo o n\u00famero de procura nas unidades de urg\u00eancia e emerg\u00eancia, vem reduzindo o n\u00famero de solicita\u00e7\u00f5es de interna\u00e7\u00f5es hospitalares, por isso a nossa fila vem diminuindo. A gente apurou hoje que h\u00e1 58 pacientes na fila e ela vem diminuindo. A gente est\u00e1 na menor fila dos \u00faltimos 14 dias para a covid-19 e espera que posteriormente possa ter tamb\u00e9m uma redu\u00e7\u00e3o tamb\u00e9m na curva de \u00f3bitos. Isso \u00e9 reflexo do que aconteceu no per\u00edodo anterior, lembrando que a m\u00e9dia de \u00f3bitos do momento em que a pessoa pega a covid e at\u00e9 o momento de \u00f3bito \u00e9 em m\u00e9dia de 20 dias. Ent\u00e3o, a gente ainda vai ver esse reflexo nos pr\u00f3ximos dias e a gente espera que essa curva toda seja acompanhada pela redu\u00e7\u00e3o da fila e posteriormente na redu\u00e7\u00e3o dos \u00f3bitos\u201d.<\/p>\n\n\n\n<p>Como s\u00e3o os mais pr\u00f3ximos da realidade do que ocorre no momento, os dados de atendimentos foram os que acenderam o alerta na avalia\u00e7\u00e3o da situa\u00e7\u00e3o da doen\u00e7a na capital e provocaram o in\u00edcio das medidas restritivas, que chegaram a passar pela parada emergencial de 10 dias, incluindo a antecipa\u00e7\u00e3o dos feriados de Tiradentes e de S\u00e3o Jorge e a cria\u00e7\u00e3o de outros tr\u00eas nos dias 26 e 31 de mar\u00e7o e 1\u00ba de abril. No dia 2 j\u00e1 seria feriado de Sexta-Feira Santa.<\/p>\n\n\n\n<h2 class=\"wp-block-heading\">Cuidados sanit\u00e1rios<\/h2>\n\n\n\n<p>De acordo com o secret\u00e1rio, a capital tem 1.400 pessoas internadas com a covid-19 e, por isso, a recomenda\u00e7\u00e3o para a popula\u00e7\u00e3o \u00e9 evitar qualquer tipo de circula\u00e7\u00e3o desnecess\u00e1ria. Soranz lembrou que as regras de restri\u00e7\u00e3o para as praias est\u00e3o mantidas, e ele espera que a popula\u00e7\u00e3o continue colaborando com menos deslocamentos pela cidade e presen\u00e7a nas praias.&nbsp;<\/p>\n\n\n\n<p>\u201cNeste final de semana ainda temos um n\u00edvel de transmiss\u00e3o alto. N\u00e3o \u00e9 poss\u00edvel flexibilizar. As medidas restritivas est\u00e3o colocadas e a gente pede \u00e0 popula\u00e7\u00e3o que respeite\u201d, disse, destacando que h\u00e1 presen\u00e7a de novas variantes do v\u00edrus no Rio e tem aumentado a interna\u00e7\u00e3o de jovens.<\/p>\n\n\n\n<p>\u201cA gente espera que a situa\u00e7\u00e3o na interna\u00e7\u00e3o dos jovens n\u00e3o comece a aumentar na velocidade que aumentou nas \u00faltimas semanas. Ent\u00e3o, fica a nossa recomenda\u00e7\u00e3o aos jovens para se protegerem com a utiliza\u00e7\u00e3o de m\u00e1scaras, de \u00e1lcool em gel e evitar a circula\u00e7\u00e3o. A gente observa, sim, um aumento de interna\u00e7\u00f5es de pessoas com menos de 60 anos\u201d.<\/p>\n\n\n\n<h2 class=\"wp-block-heading\">Variantes<\/h2>\n\n\n\n<p>Conforme o boletim, na \u00faltima semana foram identificados 37 casos de variantes do v\u00edrus na cidade, sendo 31 de moradores locais. Desde a identifica\u00e7\u00e3o do primeiro caso de novas cepas, s\u00e3o 230 casos no munic\u00edpio. Desse total, 183 s\u00e3o de residentes. Entre os casos, 175 s\u00e3o da variante brasileira de Manaus (P.1) e oito da brit\u00e2nica (B.1.1.7). Entre os moradores infectados por essas cepas, 20 faleceram, 13 permanecem internados e 150 j\u00e1 foram considerados curados. Dos infectados pelas variantes que n\u00e3o s\u00e3o moradores do Rio, 24 vieram de Manaus e quatro de Rond\u00f4nia.<\/p>\n\n\n\n<p>Em dados atualizados pela secretaria, este ano j\u00e1 foram registrados 48.880 casos da covid-19 na capital, sendo 11.435 graves e 4.153 mortes. A taxa de incid\u00eancia \u00e9 de 733,8 por 100 mil habitantes, a de letalidade de 8,5% e a de mortalidade de 62,3 por 100 mil habitantes.<\/p>\n\n\n\n<p>Edi\u00e7\u00e3o: Fernando Fraga<\/p>\n","protected":false},"excerpt":{"rendered":"<p>Material tem sido usado nas unidades com alto atendimento da covid-19 Por Cristina Indio do<\/p>\n","protected":false},"author":2,"featured_media":13022,"comment_status":"open","ping_status":"open","sticky":false,"template":"","format":"standard","meta":{"footnotes":""},"categories":[17],"tags":[],"class_list":["post-13021","post","type-post","status-publish","format-standard","has-post-thumbnail","hentry","category-outras-noticias"],"_links":{"self":[{"href":"https:\/\/tvc16.com\/portal\/wp-json\/wp\/v2\/posts\/13021","targetHints":{"allow":["GET"]}}],"collection":[{"href":"https:\/\/tvc16.com\/portal\/wp-json\/wp\/v2\/posts"}],"about":[{"href":"https:\/\/tvc16.com\/portal\/wp-json\/wp\/v2\/types\/post"}],"author":[{"embeddable":true,"href":"https:\/\/tvc16.com\/portal\/wp-json\/wp\/v2\/users\/2"}],"replies":[{"embeddable":true,"href":"https:\/\/tvc16.com\/portal\/wp-json\/wp\/v2\/comments?post=13021"}],"version-history":[{"count":1,"href":"https:\/\/tvc16.com\/portal\/wp-json\/wp\/v2\/posts\/13021\/revisions"}],"predecessor-version":[{"id":13023,"href":"https:\/\/tvc16.com\/portal\/wp-json\/wp\/v2\/posts\/13021\/revisions\/13023"}],"wp:featuredmedia":[{"embeddable":true,"href":"https:\/\/tvc16.com\/portal\/wp-json\/wp\/v2\/media\/13022"}],"wp:attachment":[{"href":"https:\/\/tvc16.com\/portal\/wp-json\/wp\/v2\/media?parent=13021"}],"wp:term":[{"taxonomy":"category","embeddable":true,"href":"https:\/\/tvc16.com\/portal\/wp-json\/wp\/v2\/categories?post=13021"},{"taxonomy":"post_tag","embeddable":true,"href":"https:\/\/tvc16.com\/portal\/wp-json\/wp\/v2\/tags?post=13021"}],"curies":[{"name":"wp","href":"https:\/\/api.w.org\/{rel}","templated":true}]}}