{"id":13025,"date":"2021-04-16T17:24:40","date_gmt":"2021-04-16T20:24:40","guid":{"rendered":"https:\/\/tvc16.com\/portal\/?p=13025"},"modified":"2021-04-16T17:24:42","modified_gmt":"2021-04-16T20:24:42","slug":"cpi-da-covid-inicia-os-trabalhos-na-camara-municipal","status":"publish","type":"post","link":"https:\/\/tvc16.com\/portal\/2021\/04\/16\/cpi-da-covid-inicia-os-trabalhos-na-camara-municipal\/","title":{"rendered":"CPI da Covid inicia os trabalhos na C\u00e2mara Municipal"},"content":{"rendered":"\n<p>Na tarde desta quinta-feira (15) os vereadores Dr. Mauro Peralta (PRTB), Gilda Beatriz (PSD) e Marcelo Lessa (SD) instauraram e iniciaram os trabalhos da Comiss\u00e3o Parlamentar de Inqu\u00e9rito (CPI) da Covid-19 no munic\u00edpio de Petr\u00f3polis. A CPI tem por objetivo investigar suspeitas de irregularidades e superfaturamento em compras de insumos e contrata\u00e7\u00e3o de servi\u00e7os ligados ao combate da Covid-19 na gest\u00e3o do governo municipal passado. O per\u00edodo investigado ser\u00e1 de 1\u00ba de mar\u00e7o a 31 de dezembro de 2020.<\/p>\n\n\n\n<p>Na ocasi\u00e3o da instala\u00e7\u00e3o, ficou acertado o envio de of\u00edcios comunicando o in\u00edcio dos trabalhos da CPI ao Minist\u00e9rio P\u00fablico, assim como ao Executivo Municipal, solicitando o inteiro teor dos processos relacionados \u00e0 compra de equipamentos de prote\u00e7\u00e3o individual como m\u00e1scaras, aventais, luvas, toucas, al\u00e9m de material de limpeza e \u00e1lcool em gel. Tamb\u00e9m ser\u00e3o pedidas informa\u00e7\u00f5es sobre a contrata\u00e7\u00e3o de profissionais para atua\u00e7\u00e3o nas barreiras sanit\u00e1rias e sobre despesas efetuadas para a implanta\u00e7\u00e3o e o funcionamento das mesmas, tais como aluguel de banheiros qu\u00edmicos e tendas.<\/p>\n\n\n\n<p>A CPI tamb\u00e9m ir\u00e1 solicitar os nomes de todos os contratados em regime de RPA para atuarem nas barreiras, rela\u00e7\u00e3o de pagamento de alimenta\u00e7\u00e3o e outros servi\u00e7os realizados pela prefeitura no ano passado e ir\u00e1 tratar de poss\u00edveis irregularidades na aplica\u00e7\u00e3o dos repasses de recursos federais destinados ao combate \u00e0 pandemia em Petr\u00f3polis. \u201cQualquer den\u00fancia sobre esse assunto pode ser feita nos gabinetes dos vereadores membros desta Comiss\u00e3o, lembrando que todas as informa\u00e7\u00f5es e dados repassados ser\u00e3o tratados com sigilo\u201d, garante Dr. Mauro Peralta.<\/p>\n\n\n\n<p>A presid\u00eancia da CPI fica por conta de Dr. Mauro Peralta, autor do requerimento de cria\u00e7\u00e3o da Comiss\u00e3o, j\u00e1 a vice-presid\u00eancia \u00e9 ocupada pelo vereador Eduardo do Blog (REP) e a relatoria ser\u00e1 realizada pela vereadora Gilda Beatriz. Tamb\u00e9m participam como membros da CPI os vereadores Octavio Sampaio (PSC) e Domingos Protetor (PSC). A Comiss\u00e3o tem dura\u00e7\u00e3o de 90 dias.<\/p>\n","protected":false},"excerpt":{"rendered":"<p>Na tarde desta quinta-feira (15) os vereadores Dr. Mauro Peralta (PRTB), Gilda Beatriz (PSD) e<\/p>\n","protected":false},"author":2,"featured_media":13027,"comment_status":"open","ping_status":"open","sticky":false,"template":"","format":"standard","meta":{"footnotes":""},"categories":[12],"tags":[],"class_list":["post-13025","post","type-post","status-publish","format-standard","has-post-thumbnail","hentry","category-cidade"],"_links":{"self":[{"href":"https:\/\/tvc16.com\/portal\/wp-json\/wp\/v2\/posts\/13025","targetHints":{"allow":["GET"]}}],"collection":[{"href":"https:\/\/tvc16.com\/portal\/wp-json\/wp\/v2\/posts"}],"about":[{"href":"https:\/\/tvc16.com\/portal\/wp-json\/wp\/v2\/types\/post"}],"author":[{"embeddable":true,"href":"https:\/\/tvc16.com\/portal\/wp-json\/wp\/v2\/users\/2"}],"replies":[{"embeddable":true,"href":"https:\/\/tvc16.com\/portal\/wp-json\/wp\/v2\/comments?post=13025"}],"version-history":[{"count":1,"href":"https:\/\/tvc16.com\/portal\/wp-json\/wp\/v2\/posts\/13025\/revisions"}],"predecessor-version":[{"id":13028,"href":"https:\/\/tvc16.com\/portal\/wp-json\/wp\/v2\/posts\/13025\/revisions\/13028"}],"wp:featuredmedia":[{"embeddable":true,"href":"https:\/\/tvc16.com\/portal\/wp-json\/wp\/v2\/media\/13027"}],"wp:attachment":[{"href":"https:\/\/tvc16.com\/portal\/wp-json\/wp\/v2\/media?parent=13025"}],"wp:term":[{"taxonomy":"category","embeddable":true,"href":"https:\/\/tvc16.com\/portal\/wp-json\/wp\/v2\/categories?post=13025"},{"taxonomy":"post_tag","embeddable":true,"href":"https:\/\/tvc16.com\/portal\/wp-json\/wp\/v2\/tags?post=13025"}],"curies":[{"name":"wp","href":"https:\/\/api.w.org\/{rel}","templated":true}]}}