{"id":13032,"date":"2021-04-16T17:42:57","date_gmt":"2021-04-16T20:42:57","guid":{"rendered":"https:\/\/tvc16.com\/portal\/?p=13032"},"modified":"2021-04-16T17:42:59","modified_gmt":"2021-04-16T20:42:59","slug":"exames-mostram-que-bruno-covas-tem-dois-novos-pontos-de-cancer","status":"publish","type":"post","link":"https:\/\/tvc16.com\/portal\/2021\/04\/16\/exames-mostram-que-bruno-covas-tem-dois-novos-pontos-de-cancer\/","title":{"rendered":"Exames mostram que Bruno Covas tem dois novos pontos de c\u00e2ncer"},"content":{"rendered":"\n<h3 class=\"wp-block-heading\">Prefeito est\u00e1 sem sintomas e deve ter alta no come\u00e7o da semana que vem<\/h3>\n\n\n\n<ul class=\"wp-block-list\"><li>Por Camila Boehm \u2013 Rep\u00f3rter da Ag\u00eancia Brasil &#8211; S\u00e3o Paulo<\/li><\/ul>\n\n\n\n<p>O prefeito da capital paulista Bruno Covas foi internado ontem (15) no hospital S\u00edrio-Liban\u00eas para realiza\u00e7\u00e3o de exames de controle, que demonstraram o surgimento de novos pontos de c\u00e2ncer no f\u00edgado e nos ossos e, portanto, foram necess\u00e1rios ajustes no tratamento.<img decoding=\"async\" src=\"https:\/\/agenciabrasil.ebc.com.br\/ebc.png?id=1407045&amp;o=node\"><img decoding=\"async\" src=\"https:\/\/agenciabrasil.ebc.com.br\/ebc.gif?id=1407045&amp;o=node\"><\/p>\n\n\n\n<p>Para amanh\u00e3 (17), est\u00e1 prevista a continuidade da quimioterapia, adicionando imunoterapia. Segundo boletim m\u00e9dico, o prefeito est\u00e1 bem clinicamente, sem sintomas e apto a prosseguir suas atividades pessoais e profissionais. A alta est\u00e1 prevista para o in\u00edcio da pr\u00f3xima semana, ap\u00f3s completar esta etapa do tratamento.<\/p>\n\n\n\n<p>Em outubro de 2019, o&nbsp;<a href=\"https:\/\/agenciabrasil.ebc.com.br\/saude\/noticia\/2019-10\/prefeito-de-sao-paulo-e-diagnosticado-com-cancer-no-trato-digestivo\" target=\"_blank\" rel=\"noreferrer noopener\">prefeito foi diagnosticado<\/a>&nbsp;com adenocarcinoma, um tipo de c\u00e2ncer maligno, situado na regi\u00e3o cardia, na transi\u00e7\u00e3o do es\u00f4fago para o est\u00f4mago. Atrav\u00e9s de exame pet scan, ainda foi descoberta uma met\u00e1stase no f\u00edgado e uma les\u00e3o no linfonodo.<\/p>\n\n\n\n<p>Edi\u00e7\u00e3o: Aline Leal<\/p>\n","protected":false},"excerpt":{"rendered":"<p>Prefeito est\u00e1 sem sintomas e deve ter alta no come\u00e7o da semana que vem Por<\/p>\n","protected":false},"author":2,"featured_media":13033,"comment_status":"open","ping_status":"open","sticky":false,"template":"","format":"standard","meta":{"footnotes":""},"categories":[17],"tags":[],"class_list":["post-13032","post","type-post","status-publish","format-standard","has-post-thumbnail","hentry","category-outras-noticias"],"_links":{"self":[{"href":"https:\/\/tvc16.com\/portal\/wp-json\/wp\/v2\/posts\/13032","targetHints":{"allow":["GET"]}}],"collection":[{"href":"https:\/\/tvc16.com\/portal\/wp-json\/wp\/v2\/posts"}],"about":[{"href":"https:\/\/tvc16.com\/portal\/wp-json\/wp\/v2\/types\/post"}],"author":[{"embeddable":true,"href":"https:\/\/tvc16.com\/portal\/wp-json\/wp\/v2\/users\/2"}],"replies":[{"embeddable":true,"href":"https:\/\/tvc16.com\/portal\/wp-json\/wp\/v2\/comments?post=13032"}],"version-history":[{"count":1,"href":"https:\/\/tvc16.com\/portal\/wp-json\/wp\/v2\/posts\/13032\/revisions"}],"predecessor-version":[{"id":13034,"href":"https:\/\/tvc16.com\/portal\/wp-json\/wp\/v2\/posts\/13032\/revisions\/13034"}],"wp:featuredmedia":[{"embeddable":true,"href":"https:\/\/tvc16.com\/portal\/wp-json\/wp\/v2\/media\/13033"}],"wp:attachment":[{"href":"https:\/\/tvc16.com\/portal\/wp-json\/wp\/v2\/media?parent=13032"}],"wp:term":[{"taxonomy":"category","embeddable":true,"href":"https:\/\/tvc16.com\/portal\/wp-json\/wp\/v2\/categories?post=13032"},{"taxonomy":"post_tag","embeddable":true,"href":"https:\/\/tvc16.com\/portal\/wp-json\/wp\/v2\/tags?post=13032"}],"curies":[{"name":"wp","href":"https:\/\/api.w.org\/{rel}","templated":true}]}}