{"id":13042,"date":"2021-04-16T17:58:21","date_gmt":"2021-04-16T20:58:21","guid":{"rendered":"https:\/\/tvc16.com\/portal\/?p=13042"},"modified":"2021-04-16T17:58:23","modified_gmt":"2021-04-16T20:58:23","slug":"mec-divulga-nesta-sexta-feira-resultado-do-sisu-2021","status":"publish","type":"post","link":"https:\/\/tvc16.com\/portal\/2021\/04\/16\/mec-divulga-nesta-sexta-feira-resultado-do-sisu-2021\/","title":{"rendered":"MEC divulga nesta sexta-feira resultado do Sisu 2021"},"content":{"rendered":"\n<h3 class=\"wp-block-heading\">Matr\u00edcula ser\u00e1 entre os dias 19 e\u00a023 de abril<\/h3>\n\n\n\n<h4 class=\"wp-block-heading\">Por Claudia Felczac &#8211; Rep\u00f3rter da Ag\u00eancia Brasil &#8211; Bras\u00edlia<\/h4>\n\n\n\n<p>O Minist\u00e9rio da Educa\u00e7\u00e3o (MEC) divulga&nbsp;hoje&nbsp;(16) o resultado do processo seletivo do Sistema de Sele\u00e7\u00e3o Unificada (Sisu) do primeiro semestre de 2021. A consulta pode ser feita na&nbsp;<a href=\"https:\/\/sisualuno.mec.gov.br\/#\/login\" target=\"_blank\" rel=\"noreferrer noopener\">p\u00e1gina do Sisu<\/a>&nbsp;na internet.&nbsp;A matr\u00edcula ser\u00e1 de 19 a&nbsp;23 de abril, em dias, hor\u00e1rios e locais de atendimento definidos por cada institui\u00e7\u00e3o de ensino.<img decoding=\"async\" src=\"https:\/\/agenciabrasil.ebc.com.br\/ebc.png?id=1406983&amp;o=node\"><img decoding=\"async\" src=\"https:\/\/agenciabrasil.ebc.com.br\/ebc.gif?id=1406983&amp;o=node\"><\/p>\n\n\n\n<p>O processo seletivo do Sisu referente \u00e0 primeira edi\u00e7\u00e3o de 2021 vai ocorrer em uma \u00fanica chamada. Quem n\u00e3o conseguiu uma vaga pode participar da lista de espera. Para isso, o estudante dever\u00e1 manifestar seu interesse por meio da p\u00e1gina do Sisu na internet, no per\u00edodo de 16 a\u00a023 de abril, em apenas um dos cursos para o qual optou por concorrer.<\/p>\n\n\n\n<p><br>Aquele que foi selecionado na chamada regular em uma de suas op\u00e7\u00f5es de vaga n\u00e3o poder\u00e1 participar da lista de espera, independentemente de\u00a0ter\u00a0realizado a matr\u00edcula na institui\u00e7\u00e3o. Os procedimentos para preenchimento das vagas n\u00e3o ocupadas na chamada regular ser\u00e3o definidos em edital pr\u00f3prio de cada institui\u00e7\u00e3o participante.<\/p>\n\n\n\n<p>O Sisu \u00e9 o programa do Minist\u00e9rio da Educa\u00e7\u00e3o para acesso de brasileiros a cursos de gradua\u00e7\u00e3o em universidades p\u00fablicas do pa\u00eds. As vagas s\u00e3o abertas semestralmente, por meio de um sistema informatizado, e os candidatos s\u00e3o selecionados de acordo com suas notas no Exame Nacional do Ensino M\u00e9dio (Enem). Neste ano foram ofertadas 206.609 vagas em 109 institui\u00e7\u00f5es p\u00fablicas de ensino superior.<\/p>\n\n\n\n<p>Quem tiver d\u00favidas pode entrar em contato com o MEC pelo telefone 0800-616161.<\/p>\n\n\n\n<p>Edi\u00e7\u00e3o: Gra\u00e7a Adjuto<\/p>\n","protected":false},"excerpt":{"rendered":"<p>Matr\u00edcula ser\u00e1 entre os dias 19 e\u00a023 de abril Por Claudia Felczac &#8211; Rep\u00f3rter da<\/p>\n","protected":false},"author":2,"featured_media":13043,"comment_status":"open","ping_status":"open","sticky":false,"template":"","format":"standard","meta":{"footnotes":""},"categories":[17],"tags":[],"class_list":["post-13042","post","type-post","status-publish","format-standard","has-post-thumbnail","hentry","category-outras-noticias"],"_links":{"self":[{"href":"https:\/\/tvc16.com\/portal\/wp-json\/wp\/v2\/posts\/13042","targetHints":{"allow":["GET"]}}],"collection":[{"href":"https:\/\/tvc16.com\/portal\/wp-json\/wp\/v2\/posts"}],"about":[{"href":"https:\/\/tvc16.com\/portal\/wp-json\/wp\/v2\/types\/post"}],"author":[{"embeddable":true,"href":"https:\/\/tvc16.com\/portal\/wp-json\/wp\/v2\/users\/2"}],"replies":[{"embeddable":true,"href":"https:\/\/tvc16.com\/portal\/wp-json\/wp\/v2\/comments?post=13042"}],"version-history":[{"count":1,"href":"https:\/\/tvc16.com\/portal\/wp-json\/wp\/v2\/posts\/13042\/revisions"}],"predecessor-version":[{"id":13044,"href":"https:\/\/tvc16.com\/portal\/wp-json\/wp\/v2\/posts\/13042\/revisions\/13044"}],"wp:featuredmedia":[{"embeddable":true,"href":"https:\/\/tvc16.com\/portal\/wp-json\/wp\/v2\/media\/13043"}],"wp:attachment":[{"href":"https:\/\/tvc16.com\/portal\/wp-json\/wp\/v2\/media?parent=13042"}],"wp:term":[{"taxonomy":"category","embeddable":true,"href":"https:\/\/tvc16.com\/portal\/wp-json\/wp\/v2\/categories?post=13042"},{"taxonomy":"post_tag","embeddable":true,"href":"https:\/\/tvc16.com\/portal\/wp-json\/wp\/v2\/tags?post=13042"}],"curies":[{"name":"wp","href":"https:\/\/api.w.org\/{rel}","templated":true}]}}