{"id":13045,"date":"2021-04-16T17:59:49","date_gmt":"2021-04-16T20:59:49","guid":{"rendered":"https:\/\/tvc16.com\/portal\/?p=13045"},"modified":"2021-04-16T17:59:51","modified_gmt":"2021-04-16T20:59:51","slug":"covid-19-sp-cria-fase-de-transicao-e-libera-comercio-no-fim-de-semana","status":"publish","type":"post","link":"https:\/\/tvc16.com\/portal\/2021\/04\/16\/covid-19-sp-cria-fase-de-transicao-e-libera-comercio-no-fim-de-semana\/","title":{"rendered":"Covid-19: SP cria fase de transi\u00e7\u00e3o e libera com\u00e9rcio no fim de semana"},"content":{"rendered":"\n<h3 class=\"wp-block-heading\">Estado est\u00e1 ha mais de um m\u00eas com atividades n\u00e3o essenciais suspensas<\/h3>\n\n\n\n<h4 class=\"wp-block-heading\">Por Elaine Patricia Cruz \u2013 Rep\u00f3rter da Ag\u00eancia Brasil &#8211; S\u00e3o Paulo<\/h4>\n\n\n\n<p>Depois de mais de um m\u00eas com proibi\u00e7\u00e3o de funcionamento de atividades n\u00e3o essenciais por causa do aumento da gravidade da pandemia do novo coronav\u00edrus, o governo de S\u00e3o Paulo decidiu agora liberar o com\u00e9rcio e os servi\u00e7os no estado, numa nova fase que foi chamada de transi\u00e7\u00e3o e que foi estabelecida entre as fases Vermelha e Laranja do Plano S\u00e3o Paulo. Essa libera\u00e7\u00e3o, no entanto, ser\u00e1 gradual.<img decoding=\"async\" src=\"https:\/\/agenciabrasil.ebc.com.br\/ebc.png?id=1407028&amp;o=node\"><img decoding=\"async\" src=\"https:\/\/agenciabrasil.ebc.com.br\/ebc.gif?id=1407028&amp;o=node\"><\/p>\n\n\n\n<p>Na primeira semana, entre os dias 18 e 23 de abril, as atividades comerciais ser\u00e3o permitidas, mas s\u00f3 poder\u00e3o funcionar com capacidade limitada a 25% e entre as 11h e 19h. A ideia do governo paulista \u00e9 evitar que o com\u00e9rcio abra no mesmo hor\u00e1rio de pico do transporte p\u00fablico e que o funcionamento n\u00e3o ultrapasse o hor\u00e1rio do toque de recolher, estabelecido entre as 20h e 5h e que continuar\u00e1 valendo em todo o estado.&nbsp;<\/p>\n\n\n\n<p>J\u00e1 na semana seguinte, entre os dias 24 e 30 de abril, al\u00e9m das atividades comerciais, tamb\u00e9m ser\u00e3o liberadas as atividades do setor de servi\u00e7os. Com isso, restaurantes e similares, sal\u00f5es de beleza e barbearias, atividades culturais e academias poder\u00e3o reabrir. Com exce\u00e7\u00e3o das academias, o hor\u00e1rio de funcionamento tamb\u00e9m ser\u00e1 das 11h as 19h. J\u00e1 as academias poder\u00e3o funcionar das 07h \u00e0s 11h e das 15h \u00e0s 19h. O limite para todas essas atividades \u00e9 de 25% de sua capacidade. Parques e clubes tamb\u00e9m ser\u00e3o reabertos nessa etapa, informou o governo. J\u00e1 bares continuam proibidos nessa fase de transi\u00e7\u00e3o.&nbsp;<\/p>\n\n\n\n<figure class=\"wp-block-image\"><img decoding=\"async\" src=\"https:\/\/imagens.ebc.com.br\/pICNcqa74pTv7qGTPBOyMjjXp4I=\/754x0\/smart\/https:\/\/agenciabrasil.ebc.com.br\/sites\/default\/files\/thumbnails\/image\/fase_de_transicao.jpeg?itok=uQL1Q3Vo\" alt=\"Fase de Transi\u00e7\u00e3o SP: duas semanas que permitir\u00e3o o retorno gradual e seguro das atividades presenciais.\" title=\"Governo do Estado de S\u00e3o Paulo\"\/><\/figure>\n\n\n\n<h6 class=\"wp-block-heading\">Detalhamento da Fase de Transi\u00e7\u00e3o &#8211; Governo do Estado de S\u00e3o Paulo<\/h6>\n\n\n\n<p>Uma nova reclassifica\u00e7\u00e3o ser\u00e1 anunciada pelo governo paulista no dia 1\u00ba de maio.<\/p>\n\n\n\n<p>O Plano S\u00e3o Paulo \u00e9 dividido em cinco fases que v\u00e3o do n\u00edvel m\u00e1ximo de restri\u00e7\u00e3o de atividades n\u00e3o essenciais (Vermelha) a etapas identificadas como controle (Fase Laranja), flexibiliza\u00e7\u00e3o (Amarela), abertura parcial (Verde) e normal controlado (Azul). O plano divide o estado em 17 regi\u00f5es e cada uma delas \u00e9 classificada em uma fase, dependendo de fatores como capacidade do sistema de sa\u00fade e a evolu\u00e7\u00e3o da epidemia.<\/p>\n\n\n\n<h2 class=\"wp-block-heading\">Fase emergencial<\/h2>\n\n\n\n<p>Desde o dia 6 de mar\u00e7o, o estado entrou na Fase 1-Vermelha do Plano S\u00e3o Paulo. Mas com a grande press\u00e3o sobre o sistema de sa\u00fade, com taxas de ocupa\u00e7\u00e3o de leitos de UTI superiores a 90%, S\u00e3o Paulo decretou ainda mais restri\u00e7\u00f5es, entrando em uma Fase Emergencial no dia 15 de mar\u00e7o, com suspens\u00e3o de jogos de futebol e das aulas e proibi\u00e7\u00e3o de cerim\u00f4nias e cultos religiosos coletivos. A fase emergencial, ainda mais restritiva que a Fase 1-Vermelha do Plano S\u00e3o Paulo, durou at\u00e9 o dia 11 de abril.<\/p>\n\n\n\n<p>J\u00e1 na \u00faltima segunda-feira (12), teve in\u00edcio no estado a Fase 1-Vermelha, onde somente servi\u00e7os considerados essenciais podem funcionar. O governo ent\u00e3o liberou as partidas de futebol e outras competi\u00e7\u00f5es esportivas. As aulas presenciais voltaram a ser liberadas, mas com limite de 35% na quantidade de alunos. J\u00e1 os cultos e cerim\u00f4nias religiosas coletivas continuam proibidos. Essa fase termina no pr\u00f3ximo domingo (18).<\/p>\n\n\n\n<h2 class=\"wp-block-heading\">Indicadores<\/h2>\n\n\n\n<p>A Fase Emergencial ajudou a promover uma pequena queda na procura por leitos de interna\u00e7\u00e3o para covid-19. Na semana passada, entre os dias 4 e 10 de abril, o estado apresentou queda de 17,4% no n\u00famero de interna\u00e7\u00f5es, apesar do registro continuar alto, com uma m\u00e9dia de 2.642 interna\u00e7\u00f5es di\u00e1rias. O pico de interna\u00e7\u00f5es ocorreu na 12\u00aa Semana Epidemiol\u00f3gica, entre os dias 21 e 27 de mar\u00e7o, quando foi registrada uma m\u00e9dia di\u00e1ria de 3.381 interna\u00e7\u00f5es. O dado sobre as interna\u00e7\u00f5es \u00e9 importante porque demonstra a situa\u00e7\u00e3o atual da pandemia e costuma ser o primeiro dado a demonstrar mudan\u00e7a no curso da pandemia. Depois de queda nas interna\u00e7\u00f5es, \u00e9 esperada queda dos demais indicadores nas pr\u00f3ximas semanas.<\/p>\n\n\n\n<p>Por outro lado, o n\u00famero de casos ainda registrou crescimento de 5%, com uma m\u00e9dia m\u00f3vel di\u00e1ria de 16.453 novos casos por dia, registrando um novo pico. As mortes cresceram 13% na semana passada, com o registro de 808 mortes por dia, o mais alto desde o in\u00edcio da pandemia no estado.<\/p>\n\n\n\n<p>At\u00e9 hoje, o estado contabiliza 2.722.077 casos confirmados, com 87.326 mortes. A taxa de ocupa\u00e7\u00e3o de leitos de unidades de terapia intensiva (UTI) est\u00e1 hoje em 85,3%, com 11.756 pessoas internadas em estado grave. H\u00e1 duas semanas, no dia 2 de abril, o estado tinha 13.120 pacientes internados em UTIs.<\/p>\n\n\n\n<p>Segundo o governo, a queda no n\u00famero de pacientes internados come\u00e7ou a ocorrer no dia 28 de mar\u00e7o, cerca de duas semanas ap\u00f3s o an\u00fancio da Fase Emergencial, que corresponde ao per\u00edodo m\u00e9dio que dura entre a contamina\u00e7\u00e3o e a interna\u00e7\u00e3o em UTI. \u201cEssa queda persiste e hoje temos redu\u00e7\u00e3o di\u00e1ria de aproximadamente 1,4%, o que significa menos 140 pacientes por dia em UTI\u201d, disse Paulo Menezes, coordenador do Centro de Conting\u00eancia de S\u00e3o Paulo.<\/p>\n\n\n\n<p>Edi\u00e7\u00e3o: Aline Leal<\/p>\n","protected":false},"excerpt":{"rendered":"<p>Estado est\u00e1 ha mais de um m\u00eas com atividades n\u00e3o essenciais suspensas Por Elaine Patricia<\/p>\n","protected":false},"author":2,"featured_media":13046,"comment_status":"open","ping_status":"open","sticky":false,"template":"","format":"standard","meta":{"footnotes":""},"categories":[17],"tags":[],"class_list":["post-13045","post","type-post","status-publish","format-standard","has-post-thumbnail","hentry","category-outras-noticias"],"_links":{"self":[{"href":"https:\/\/tvc16.com\/portal\/wp-json\/wp\/v2\/posts\/13045","targetHints":{"allow":["GET"]}}],"collection":[{"href":"https:\/\/tvc16.com\/portal\/wp-json\/wp\/v2\/posts"}],"about":[{"href":"https:\/\/tvc16.com\/portal\/wp-json\/wp\/v2\/types\/post"}],"author":[{"embeddable":true,"href":"https:\/\/tvc16.com\/portal\/wp-json\/wp\/v2\/users\/2"}],"replies":[{"embeddable":true,"href":"https:\/\/tvc16.com\/portal\/wp-json\/wp\/v2\/comments?post=13045"}],"version-history":[{"count":1,"href":"https:\/\/tvc16.com\/portal\/wp-json\/wp\/v2\/posts\/13045\/revisions"}],"predecessor-version":[{"id":13047,"href":"https:\/\/tvc16.com\/portal\/wp-json\/wp\/v2\/posts\/13045\/revisions\/13047"}],"wp:featuredmedia":[{"embeddable":true,"href":"https:\/\/tvc16.com\/portal\/wp-json\/wp\/v2\/media\/13046"}],"wp:attachment":[{"href":"https:\/\/tvc16.com\/portal\/wp-json\/wp\/v2\/media?parent=13045"}],"wp:term":[{"taxonomy":"category","embeddable":true,"href":"https:\/\/tvc16.com\/portal\/wp-json\/wp\/v2\/categories?post=13045"},{"taxonomy":"post_tag","embeddable":true,"href":"https:\/\/tvc16.com\/portal\/wp-json\/wp\/v2\/tags?post=13045"}],"curies":[{"name":"wp","href":"https:\/\/api.w.org\/{rel}","templated":true}]}}