{"id":13048,"date":"2021-04-16T18:01:52","date_gmt":"2021-04-16T21:01:52","guid":{"rendered":"https:\/\/tvc16.com\/portal\/?p=13048"},"modified":"2021-04-16T18:01:54","modified_gmt":"2021-04-16T21:01:54","slug":"com-tres-campeoes-brasil-vai-sete-vezes-ao-podio-no-pan-de-judo","status":"publish","type":"post","link":"https:\/\/tvc16.com\/portal\/2021\/04\/16\/com-tres-campeoes-brasil-vai-sete-vezes-ao-podio-no-pan-de-judo\/","title":{"rendered":"Com tr\u00eas campe\u00f5es, Brasil vai sete vezes ao p\u00f3dio no Pan de jud\u00f4"},"content":{"rendered":"\n<h3 class=\"wp-block-heading\">Larissa Pimenta, William Lima e Ketelyn Quadros conquistaram ouro<\/h3>\n\n\n\n<h4 class=\"wp-block-heading\">Por Lincoln Chaves &#8211; Rep\u00f3rter da TV Brasil e da R\u00e1dio Nacional &#8211; S\u00e3o Paulo<\/h4>\n\n\n\n<p>O jud\u00f4 brasileiro subiu sete vezes ao p\u00f3dio na\u00a0quinta-feira (15), primeiro dia do Campeonato Pan-Americano da modalidade, em Gudalajara (M\u00e9xico). Ao todo, foram tr\u00eas ouros, duas pratas e duas bronzes, que colocaram o Brasil na ponta do quadro de medalhas. O evento seguiu nesta\u00a0sexta-feira (16), a partir das 17h (hor\u00e1rio de Bras\u00edlia), com mais oito judocas do pa\u00eds no tatame. O\u00a0<a rel=\"noreferrer noopener\" href=\"https:\/\/www.canalolimpicodobrasil.com.br\/videos\/pan-americano-senior-judo-160421\" target=\"_blank\">canal oficial<\/a>\u00a0do Comit\u00ea Ol\u00edmpico do Brasil (COB) transmite as lutas ao vivo.<img decoding=\"async\" src=\"https:\/\/agenciabrasil.ebc.com.br\/ebc.png?id=1407025&amp;o=node\"><img decoding=\"async\" src=\"https:\/\/agenciabrasil.ebc.com.br\/ebc.gif?id=1407025&amp;o=node\"><\/p>\n\n\n\n<p>Campe\u00f5es na&nbsp;quinta, Larissa Pimenta (categoria at\u00e9 52 quilos), Willian Lima (at\u00e9 66 quilos) e Ketleyn Quadros (at\u00e9 63 quilos) amealharam 700 pontos no ranking da Federa\u00e7\u00e3o Internacional de Jud\u00f4 (IJF), que define as vagas na Olimp\u00edada de T\u00f3quio (Jap\u00e3o). Os tr\u00eas j\u00e1 figuram na zona de classifica\u00e7\u00e3o nos respectivos pesos, mas William, neste momento, estaria fora dos Jogos por ser o segundo melhor brasileiro da categoria &#8211; Daniel Cargnin est\u00e1 \u00e0 frente.<\/p>\n\n\n\n<p>Gabriela Chibana (at\u00e9 48 quilos) e Ketelyn Nascimento (at\u00e9 57 quilos) ficaram com o vice em suas categorias. Ambas iniciaram o torneio fora da zona de classifica\u00e7\u00e3o, mas Gabriela 34\u00aa no ranking, pode se aproximar da sul-coreana Kang Yujeong, 27\u00aa colocada e dona, at\u00e9 agora, da \u00faltima vaga do peso em T\u00f3quio. Ela est\u00e1 300 pontos a frente da brasileira.<\/p>\n\n\n\n<p>Ketelyn, por sua vez, \u00e9 a 39\u00aa da categoria at\u00e9 57 quilos, cerca de 1.200 pontos atr\u00e1s da chinesa Lu Tungjuan, 23\u00aa e que, no momento, fecha a rela\u00e7\u00e3o de classificadas. A brasileira mais bem posicionada no peso \u00e9 Rafaela Silva (16\u00aa), mas a campe\u00e3 ol\u00edmpica da Rio 2016 foi suspensa por doping e est\u00e1 fora dos Jogos de T\u00f3quio.<\/p>\n\n\n\n<p>O p\u00f3dio das duas categorias foi completado por mais duas brasileiras: Nathalia Br\u00edgida (at\u00e9 48 quilos) e J\u00e9ssica Pereira (at\u00e9 57 quilos). A primeira voltou a competir ap\u00f3s longo tempo se recuperando de les\u00f5es. A\u00a0segunda\u00a0repetiu o resultado de 2020, quando tamb\u00e9m ficou em terceiro lugar. O Brasil tamb\u00e9m foi representado por Al\u00e9xia Castilhos (at\u00e9 63 quilos) e Renan Torres (at\u00e9 60 quilos), mas ambos ficaram sem medalha.<\/p>\n\n\n\n<p>Como o Pan de 2020 foi realizado em novembro, o desempenho em ambas as competi\u00e7\u00f5es valer\u00e1 para o ranqueamento ol\u00edmpico, considerando somente o melhor resultado. Os judocas campe\u00f5es no ano passado (Eric Takabatake, Daniel Cargnin, Maria Portela e Maria Suelen Altheman) foram preservados da disputa de 2021.<\/p>\n\n\n\n<p>Edi\u00e7\u00e3o: Gustavo Faria<\/p>\n","protected":false},"excerpt":{"rendered":"<p>Larissa Pimenta, William Lima e Ketelyn Quadros conquistaram ouro Por Lincoln Chaves &#8211; Rep\u00f3rter da<\/p>\n","protected":false},"author":2,"featured_media":13049,"comment_status":"open","ping_status":"open","sticky":false,"template":"","format":"standard","meta":{"footnotes":""},"categories":[17],"tags":[],"class_list":["post-13048","post","type-post","status-publish","format-standard","has-post-thumbnail","hentry","category-outras-noticias"],"_links":{"self":[{"href":"https:\/\/tvc16.com\/portal\/wp-json\/wp\/v2\/posts\/13048","targetHints":{"allow":["GET"]}}],"collection":[{"href":"https:\/\/tvc16.com\/portal\/wp-json\/wp\/v2\/posts"}],"about":[{"href":"https:\/\/tvc16.com\/portal\/wp-json\/wp\/v2\/types\/post"}],"author":[{"embeddable":true,"href":"https:\/\/tvc16.com\/portal\/wp-json\/wp\/v2\/users\/2"}],"replies":[{"embeddable":true,"href":"https:\/\/tvc16.com\/portal\/wp-json\/wp\/v2\/comments?post=13048"}],"version-history":[{"count":1,"href":"https:\/\/tvc16.com\/portal\/wp-json\/wp\/v2\/posts\/13048\/revisions"}],"predecessor-version":[{"id":13050,"href":"https:\/\/tvc16.com\/portal\/wp-json\/wp\/v2\/posts\/13048\/revisions\/13050"}],"wp:featuredmedia":[{"embeddable":true,"href":"https:\/\/tvc16.com\/portal\/wp-json\/wp\/v2\/media\/13049"}],"wp:attachment":[{"href":"https:\/\/tvc16.com\/portal\/wp-json\/wp\/v2\/media?parent=13048"}],"wp:term":[{"taxonomy":"category","embeddable":true,"href":"https:\/\/tvc16.com\/portal\/wp-json\/wp\/v2\/categories?post=13048"},{"taxonomy":"post_tag","embeddable":true,"href":"https:\/\/tvc16.com\/portal\/wp-json\/wp\/v2\/tags?post=13048"}],"curies":[{"name":"wp","href":"https:\/\/api.w.org\/{rel}","templated":true}]}}