{"id":1305,"date":"2020-09-26T15:00:14","date_gmt":"2020-09-26T15:00:14","guid":{"rendered":"https:\/\/tvc16.com\/portal\/?p=1305"},"modified":"2020-09-26T15:00:14","modified_gmt":"2020-09-26T15:00:14","slug":"suspeito-de-atacante-de-faca-de-paris-diz-que-queria-ir-atras-de-charlie-hebdo","status":"publish","type":"post","link":"https:\/\/tvc16.com\/portal\/2020\/09\/26\/suspeito-de-atacante-de-faca-de-paris-diz-que-queria-ir-atras-de-charlie-hebdo\/","title":{"rendered":"Suspeito de atacante de faca de Paris diz que queria ir atr\u00e1s de Charlie Hebdo"},"content":{"rendered":"\n<p>Por&nbsp;<a href=\"https:\/\/www.reuters.com\/journalists\/matthias-blamont\" target=\"_blank\" rel=\"noreferrer noopener\">Matthias Blamont<\/a><\/p>\n\n\n\n<p>PARIS (Reuters) &#8211; O homem que acredita ter atacado e ferido duas pessoas com uma faca na sexta-feira est\u00e1 cooperando com a pol\u00edcia e disse que tinha como alvo a revista sat\u00edrica semanal Charlie Hebdo, disse uma fonte policial \u00e0 Reuters.<\/p>\n\n\n\n<p>O ataque ocorreu em frente a um pr\u00e9dio onde militantes isl\u00e2micos atiraram contra funcion\u00e1rios do Charlie Hebdo em 2015 por causa da republica\u00e7\u00e3o de cartuns retratando o profeta Maom\u00e9.<\/p>\n\n\n\n<p>Coincidiu com o in\u00edcio, neste m\u00eas, do julgamento de 14 supostos c\u00famplices do ataque ao Charlie Hebdo.&nbsp;Os homens armados por tr\u00e1s desse ataque mataram 12 pessoas.<\/p>\n\n\n\n<p>Uma fonte judicial disse que a cust\u00f3dia do suspeito foi prorrogada na manh\u00e3 de s\u00e1bado.&nbsp;De acordo com a lei francesa, ele enfrenta uma investiga\u00e7\u00e3o formal no final do processo.<\/p>\n\n\n\n<p>Um suspeito c\u00famplice do agressor foi libertado na madrugada de s\u00e1bado, enquanto outra pessoa pr\u00f3xima do suspeito e que poderia ter sido seu ex-colega de quarto em um hotel ao norte de Paris foi presa.<\/p>\n\n\n\n<p>Por volta do meio-dia de s\u00e1bado, sete pessoas continuavam sob cust\u00f3dia, incluindo o suspeito do agressor.<\/p>\n\n\n\n<p>A pol\u00edcia deteve rapidamente o homem suspeito de realizar o ataque ao lado da escada de uma casa de \u00f3pera a cerca de 500 metros de dist\u00e2ncia.<\/p>\n\n\n\n<p>O suposto agressor era do Paquist\u00e3o e chegou \u00e0 Fran\u00e7a h\u00e1 tr\u00eas anos como menor desacompanhado, disse o ministro do Interior, Gerald Darmanin.<\/p>\n\n\n\n<p>Um segundo suspeito foi detido momentos depois do ataque e os promotores estavam tentando estabelecer sua rela\u00e7\u00e3o com o agressor.\u00a0Ele foi libertado gratuitamente, disse a fonte.<\/p>\n\n\n\n<p>O Charlie Hebdo desocupou seus escrit\u00f3rios ap\u00f3s o ataque de 2015 e agora est\u00e1 em um local secreto.&nbsp;O pr\u00e9dio agora \u00e9 usado por uma produtora de televis\u00e3o.<\/p>\n\n\n\n<p>Dois funcion\u00e1rios da produtora, um homem e uma mulher, estavam na rua fazendo uma pausa para fumar quando foram agredidos, segundo promotores e um colega das v\u00edtimas.<\/p>\n\n\n\n<p>Ap\u00f3s o ataque de 2015 ao Charlie Hebdo, os investigadores disseram que os militantes queriam vingar a publica\u00e7\u00e3o de charges retratando o Profeta Maom\u00e9 na revista.&nbsp;O Charlie Hebdo republicou os cartuns na v\u00e9spera do julgamento.<\/p>\n\n\n\n<p>A Al-Qaeda, grupo militante isl\u00e2mico que assumiu a responsabilidade pelo ataque de 2015, amea\u00e7ou atacar o Charlie Hebdo novamente depois que ele republicou os desenhos animados.<\/p>\n\n\n\n<p>A Fran\u00e7a experimentou uma onda de ataques de militantes isl\u00e2micos nos \u00faltimos anos.&nbsp;Bombardeios e tiroteios em novembro de 2015 no teatro Bataclan e em locais ao redor de Paris mataram 130 pessoas e, em julho de 2016, um militante isl\u00e2mico dirigiu um caminh\u00e3o no meio de uma multid\u00e3o que comemorava o Dia da Bastilha em Nice, matando 86.<\/p>\n\n\n\n<p>Reportagem de Matthias Blamont;&nbsp;edi\u00e7\u00e3o de Christian Lowe, Jason Neely, Jane Merriman e Christina Fincher<\/p>\n\n\n\n<p>Nossos padr\u00f5es:&nbsp;<a href=\"http:\/\/thomsonreuters.com\/en\/about-us\/trust-principles.html\">Princ\u00edpios de confian\u00e7a da Thomson Reuters.<\/a><\/p>\n","protected":false},"excerpt":{"rendered":"<p>Por&nbsp;Matthias Blamont PARIS (Reuters) &#8211; O homem que acredita ter atacado e ferido duas pessoas<\/p>\n","protected":false},"author":2,"featured_media":1306,"comment_status":"open","ping_status":"open","sticky":false,"template":"","format":"standard","meta":{"footnotes":""},"categories":[22],"tags":[],"class_list":["post-1305","post","type-post","status-publish","format-standard","has-post-thumbnail","hentry","category-internacional"],"_links":{"self":[{"href":"https:\/\/tvc16.com\/portal\/wp-json\/wp\/v2\/posts\/1305","targetHints":{"allow":["GET"]}}],"collection":[{"href":"https:\/\/tvc16.com\/portal\/wp-json\/wp\/v2\/posts"}],"about":[{"href":"https:\/\/tvc16.com\/portal\/wp-json\/wp\/v2\/types\/post"}],"author":[{"embeddable":true,"href":"https:\/\/tvc16.com\/portal\/wp-json\/wp\/v2\/users\/2"}],"replies":[{"embeddable":true,"href":"https:\/\/tvc16.com\/portal\/wp-json\/wp\/v2\/comments?post=1305"}],"version-history":[{"count":1,"href":"https:\/\/tvc16.com\/portal\/wp-json\/wp\/v2\/posts\/1305\/revisions"}],"predecessor-version":[{"id":1307,"href":"https:\/\/tvc16.com\/portal\/wp-json\/wp\/v2\/posts\/1305\/revisions\/1307"}],"wp:featuredmedia":[{"embeddable":true,"href":"https:\/\/tvc16.com\/portal\/wp-json\/wp\/v2\/media\/1306"}],"wp:attachment":[{"href":"https:\/\/tvc16.com\/portal\/wp-json\/wp\/v2\/media?parent=1305"}],"wp:term":[{"taxonomy":"category","embeddable":true,"href":"https:\/\/tvc16.com\/portal\/wp-json\/wp\/v2\/categories?post=1305"},{"taxonomy":"post_tag","embeddable":true,"href":"https:\/\/tvc16.com\/portal\/wp-json\/wp\/v2\/tags?post=1305"}],"curies":[{"name":"wp","href":"https:\/\/api.w.org\/{rel}","templated":true}]}}