{"id":13064,"date":"2021-04-17T23:44:04","date_gmt":"2021-04-18T02:44:04","guid":{"rendered":"https:\/\/tvc16.com\/portal\/?p=13064"},"modified":"2021-04-17T23:44:06","modified_gmt":"2021-04-18T02:44:06","slug":"secretaria-de-estado-de-saude-distribui-517-mil-doses-de-vacinas-contra-covid-19-neste-fim-de-semana","status":"publish","type":"post","link":"https:\/\/tvc16.com\/portal\/2021\/04\/17\/secretaria-de-estado-de-saude-distribui-517-mil-doses-de-vacinas-contra-covid-19-neste-fim-de-semana\/","title":{"rendered":"Secretaria de Estado de Sa\u00fade distribui 517 mil doses de vacinas contra Covid-19 neste fim de semana"},"content":{"rendered":"\n<p><\/p>\n\n\n\n<p>Medicamentos integrantes do \u201ckit intuba\u00e7\u00e3o\u201d tamb\u00e9m ser\u00e3o destinados a 63 unidades hospitalares do estado<\/p>\n\n\n\n<p><br>\u00a0A Secretaria de Estado de Sa\u00fade (SES) realiza mais uma entrega de vacinas contra a Covid-19 e medicamentos do chamado \u201ckit intuba\u00e7\u00e3o\u201d neste fim de semana. Ao todo, s\u00e3o 517 mil doses de imunizantes, sendo 273.500 da vacina Oxford\/AstraZeneca e 243.500 da Coronavac, al\u00e9m de 47.400 unidades de medicamentos.<\/p>\n\n\n\n<p>No domingo (18.04), a partir das 7h, seis aeronaves v\u00e3o decolar do Grupamento Aerom\u00f3vel da Pol\u00edcia Militar e do 12\u00ba BPM, em Niter\u00f3i, para transportar vacinas e medicamentos. Ser\u00e3o utilizados dois helic\u00f3pteros do Governo do Estado, um da SES, dois do Corpo de Bombeiros e um da Pol\u00edcia Civil.<br><br>A opera\u00e7\u00e3o de distribui\u00e7\u00e3o come\u00e7ou na noite de sexta-feira (16), com a libera\u00e7\u00e3o das vacinas para o munic\u00edpio do Rio de Janeiro, e no s\u00e1bado (17), com as retiradas pelos munic\u00edpios de Niter\u00f3i, S\u00e3o Gon\u00e7alo e Maric\u00e1, na Coordena\u00e7\u00e3o Geral de Armazenagem (CGA) da SES, em Niter\u00f3i.<br><br>&#8211; O trabalho de toda equipe envolvida na distribui\u00e7\u00e3o das vacinas contra a Covid-19 tem sido incans\u00e1vel. A estrat\u00e9gia montada de separa\u00e7\u00e3o das doses e envio tem sido aprimorada a cada entrega, com seguran\u00e7a e agilidade, para que a popula\u00e7\u00e3o tenha acesso \u00e0 vacina o quanto antes &#8211; comenta o secret\u00e1rio de Estado de Sa\u00fade, Carlos Alberto Chaves.<br><br>As doses de vacina da Oxford\/AstraZeneca foram entregues pela Fiocruz diretamente \u00e0 SES, ap\u00f3s pedido do Governo do Estado. A medida agiliza a distribui\u00e7\u00e3o da vacina, uma vez que os lotes destinados ao estado do Rio de Janeiro n\u00e3o precisam mais passar pelo Centro de Distribui\u00e7\u00e3o do Minist\u00e9rio da Sa\u00fade, em S\u00e3o Paulo.<br><br>Doses aplicadas &#8211; At\u00e9 as 9h deste s\u00e1bado (17.04), o estado registrava 1.857.188 de pessoas vacinadas com a primeira dose e 529.649 com a segunda. O vacin\u00f4metro pode ser acessado pelo site:&nbsp;<a rel=\"noreferrer noopener\" target=\"_blank\" href=\"https:\/\/vacinacaocovid19.saude.rj.gov.br\/\">https:\/\/vacinacaocovid19.saude.rj.gov.br\/<\/a><br><br>Doses cadastradas &#8211; A Subsecretaria de Vigil\u00e2ncia em Sa\u00fade (SVS) estabeleceu um cronograma de metas para que as secretarias municipais de Sa\u00fade realizem a inser\u00e7\u00e3o no Sistema de Informa\u00e7\u00f5es do Programa Nacional de Imuniza\u00e7\u00f5es (SI-PNI) &nbsp;dos dados de vacinas aplicadas em tempo mais c\u00e9lere. O estado j\u00e1 distribuiu 4,5 milh\u00f5es de doses de vacinas, mas apenas 58% da primeira dose e 22% da segunda dose foram informadas como aplicadas ao Minist\u00e9rio da Sa\u00fade.<br><br>A SES informa que uma tabela com o total de doses distribu\u00eddas aos 92 munic\u00edpios passa a ser publicada no site Vacina\u00e7\u00e3o Covid.<br><br>Kit intuba\u00e7\u00e3o &#8211; A Secretaria de Estado de Sa\u00fade (SES) realiza mais uma libera\u00e7\u00e3o de medicamentos do chamado \u201ckit intuba\u00e7\u00e3o\u201d, neste fim de semana, a munic\u00edpios e hospitais que atendem pacientes com Covid-19. Os medicamentos adquiridos com recursos da SES v\u00e3o complementar os estoques de 63 unidades hospitalares, que tamb\u00e9m s\u00e3o abastecidos por meio de compras realizadas pela pr\u00f3pria unidade e\/ou munic\u00edpio gestor e por remessas enviadas pelo Minist\u00e9rio da Sa\u00fade.<br><br>A Secretaria de Estado de Sa\u00fade (SES) esclarece que est\u00e1 empenhando todos os esfor\u00e7os visando buscar alternativas vi\u00e1veis para resolver o abastecimento dos medicamentos do chamado \u201ckit intuba\u00e7\u00e3o\u201d em munic\u00edpios e unidades de sa\u00fade que atendem pacientes em tratamento de Covid-19, problema que ocorre em todo o Brasil. A SES ressalta que aderiu a uma ata do Minist\u00e9rio da Sa\u00fade (MS) para aquisi\u00e7\u00e3o dos medicamentos, ampliando ainda a solicita\u00e7\u00e3o com um aditivo de 50%, e realiza um processo de compra para suprir a necessidade do estado nos pr\u00f3ximos tr\u00eas meses.<br><br>Todas as etapas dos processos ser\u00e3o compartilhadas com o Minist\u00e9rio P\u00fablico Federal, Minist\u00e9rio P\u00fablico Estadual e Defensoria P\u00fablica, visando dar transpar\u00eancia \u00e0s aquisi\u00e7\u00f5es.<\/p>\n","protected":false},"excerpt":{"rendered":"<p>Medicamentos integrantes do \u201ckit intuba\u00e7\u00e3o\u201d tamb\u00e9m ser\u00e3o destinados a 63 unidades hospitalares do estado \u00a0A<\/p>\n","protected":false},"author":2,"featured_media":13065,"comment_status":"open","ping_status":"open","sticky":false,"template":"","format":"standard","meta":{"footnotes":""},"categories":[17],"tags":[],"class_list":["post-13064","post","type-post","status-publish","format-standard","has-post-thumbnail","hentry","category-outras-noticias"],"_links":{"self":[{"href":"https:\/\/tvc16.com\/portal\/wp-json\/wp\/v2\/posts\/13064","targetHints":{"allow":["GET"]}}],"collection":[{"href":"https:\/\/tvc16.com\/portal\/wp-json\/wp\/v2\/posts"}],"about":[{"href":"https:\/\/tvc16.com\/portal\/wp-json\/wp\/v2\/types\/post"}],"author":[{"embeddable":true,"href":"https:\/\/tvc16.com\/portal\/wp-json\/wp\/v2\/users\/2"}],"replies":[{"embeddable":true,"href":"https:\/\/tvc16.com\/portal\/wp-json\/wp\/v2\/comments?post=13064"}],"version-history":[{"count":1,"href":"https:\/\/tvc16.com\/portal\/wp-json\/wp\/v2\/posts\/13064\/revisions"}],"predecessor-version":[{"id":13066,"href":"https:\/\/tvc16.com\/portal\/wp-json\/wp\/v2\/posts\/13064\/revisions\/13066"}],"wp:featuredmedia":[{"embeddable":true,"href":"https:\/\/tvc16.com\/portal\/wp-json\/wp\/v2\/media\/13065"}],"wp:attachment":[{"href":"https:\/\/tvc16.com\/portal\/wp-json\/wp\/v2\/media?parent=13064"}],"wp:term":[{"taxonomy":"category","embeddable":true,"href":"https:\/\/tvc16.com\/portal\/wp-json\/wp\/v2\/categories?post=13064"},{"taxonomy":"post_tag","embeddable":true,"href":"https:\/\/tvc16.com\/portal\/wp-json\/wp\/v2\/tags?post=13064"}],"curies":[{"name":"wp","href":"https:\/\/api.w.org\/{rel}","templated":true}]}}