{"id":13070,"date":"2021-04-17T23:52:57","date_gmt":"2021-04-18T02:52:57","guid":{"rendered":"https:\/\/tvc16.com\/portal\/?p=13070"},"modified":"2021-04-17T23:53:00","modified_gmt":"2021-04-18T02:53:00","slug":"camara-aprova-isencao-de-multas-para-ambulancias-e-veiculos-de-socorro","status":"publish","type":"post","link":"https:\/\/tvc16.com\/portal\/2021\/04\/17\/camara-aprova-isencao-de-multas-para-ambulancias-e-veiculos-de-socorro\/","title":{"rendered":"C\u00e2mara aprova isen\u00e7\u00e3o de multas para ambul\u00e2ncias e ve\u00edculos de socorro"},"content":{"rendered":"\n<p>Para os deputados, burocracia prejudica o salvamento de vidas<\/p>\n\n\n\n<p>C\u00e2mara dos Deputados aprovou, nesta quinta-feira (15), o <a href=\"https:\/\/www.camara.leg.br\/proposicoesWeb\/fichadetramitacao?idProposicao=2265475\">Projeto de Lei 5222\/20<\/a> que isenta de multas de tr\u00e2nsito as ambul\u00e2ncias e demais ve\u00edculos destinados a socorro de inc\u00eandio e salvamento, de pol\u00edcia, de fiscaliza\u00e7\u00e3o e opera\u00e7\u00e3o de tr\u00e1fego. A proposta segue para an\u00e1lise do Senado.<\/p>\n\n\n\n<p>Segundo o autor da proposta, o deputado Luis Miranda (DEM-DF), muitos profissionais, durante o socorro, freiam os ve\u00edculos para evitar multas; uma vez que o sistema exige que preencham formul\u00e1rios para comprovar que o carro estava em servi\u00e7o.<\/p>\n\n\n\n<p><strong><a href=\"https:\/\/brasil61.com\/noticias\/senado-aprova-prorrogacao-da-situacao-de-emergencia-de-saude-no-pais-bras214554\">Senado aprova prorroga\u00e7\u00e3o da situa\u00e7\u00e3o de emerg\u00eancia de sa\u00fade no pa\u00eds<\/a><\/strong><\/p>\n\n\n\n<p><strong><a href=\"https:\/\/brasil61.com\/noticias\/governo-elabora-projeto-para-ajudar-empresas-e-preservar-empregos-bras214479\">Governo elabora projeto para ajudar empresas e preservar empregos<\/a><\/strong><\/p>\n\n\n\n<p>O texto aprovado no Plen\u00e1rio da C\u00e2mara retirou a express\u00e3o que os ve\u00edculos deveriam estar \u201cno exerc\u00edcio de suas atividades\u201d. O parecer foi lido pelo deputado Aluisio Mendes (PSC-MA), que argumentou que a express\u00e3o poderia gerar burocracia, prejudicando as atividades de socorro.<\/p>\n\n\n\n<p>Fonte: <a href=\"https:\/\/brasil61.com\/noticias\/camara-aprova-isencao-de-multas-para-ambulancias-e-veiculos-de-socorro-bras214596?email=bethdeoliveira@yahoo.com.br&amp;utm_source=newsletter&amp;utm_medium=newsletter&amp;utm_campaign=newsletter\" target=\"_blank\" rel=\"noreferrer noopener\">Brasil 61<\/a><\/p>\n","protected":false},"excerpt":{"rendered":"<p>Para os deputados, burocracia prejudica o salvamento de vidas C\u00e2mara dos Deputados aprovou, nesta quinta-feira<\/p>\n","protected":false},"author":2,"featured_media":13071,"comment_status":"open","ping_status":"open","sticky":false,"template":"","format":"standard","meta":{"footnotes":""},"categories":[17],"tags":[],"class_list":["post-13070","post","type-post","status-publish","format-standard","has-post-thumbnail","hentry","category-outras-noticias"],"_links":{"self":[{"href":"https:\/\/tvc16.com\/portal\/wp-json\/wp\/v2\/posts\/13070","targetHints":{"allow":["GET"]}}],"collection":[{"href":"https:\/\/tvc16.com\/portal\/wp-json\/wp\/v2\/posts"}],"about":[{"href":"https:\/\/tvc16.com\/portal\/wp-json\/wp\/v2\/types\/post"}],"author":[{"embeddable":true,"href":"https:\/\/tvc16.com\/portal\/wp-json\/wp\/v2\/users\/2"}],"replies":[{"embeddable":true,"href":"https:\/\/tvc16.com\/portal\/wp-json\/wp\/v2\/comments?post=13070"}],"version-history":[{"count":1,"href":"https:\/\/tvc16.com\/portal\/wp-json\/wp\/v2\/posts\/13070\/revisions"}],"predecessor-version":[{"id":13072,"href":"https:\/\/tvc16.com\/portal\/wp-json\/wp\/v2\/posts\/13070\/revisions\/13072"}],"wp:featuredmedia":[{"embeddable":true,"href":"https:\/\/tvc16.com\/portal\/wp-json\/wp\/v2\/media\/13071"}],"wp:attachment":[{"href":"https:\/\/tvc16.com\/portal\/wp-json\/wp\/v2\/media?parent=13070"}],"wp:term":[{"taxonomy":"category","embeddable":true,"href":"https:\/\/tvc16.com\/portal\/wp-json\/wp\/v2\/categories?post=13070"},{"taxonomy":"post_tag","embeddable":true,"href":"https:\/\/tvc16.com\/portal\/wp-json\/wp\/v2\/tags?post=13070"}],"curies":[{"name":"wp","href":"https:\/\/api.w.org\/{rel}","templated":true}]}}