{"id":13073,"date":"2021-04-17T23:55:40","date_gmt":"2021-04-18T02:55:40","guid":{"rendered":"https:\/\/tvc16.com\/portal\/?p=13073"},"modified":"2021-04-17T23:55:42","modified_gmt":"2021-04-18T02:55:42","slug":"nova-iguacu-inicia-vacinacao-contra-gripe-na-proxima-segunda-feira-19","status":"publish","type":"post","link":"https:\/\/tvc16.com\/portal\/2021\/04\/17\/nova-iguacu-inicia-vacinacao-contra-gripe-na-proxima-segunda-feira-19\/","title":{"rendered":"Nova Igua\u00e7u inicia vacina\u00e7\u00e3o contra gripe na pr\u00f3xima segunda-feira (19)"},"content":{"rendered":"\n<p><\/p>\n\n\n\n<p>Nova Igua\u00e7u come\u00e7a, na pr\u00f3xima semana, a imuniza\u00e7\u00e3o da popula\u00e7\u00e3o contra a gripe. Assim como a vacina\u00e7\u00e3o contra a Covid-19, a campanha ser\u00e1 feita de forma escalonada e gradual no munic\u00edpio, tendo como p\u00fablico-alvo, nesta primeira etapa, apenas grupos priorit\u00e1rios definidos pelo Plano Nacional de Imuniza\u00e7\u00e3o do Minist\u00e9rio da Sa\u00fade. A partir de &nbsp;segunda-feira (19), ser\u00e3o vacinadas crian\u00e7as entre 6 meses e menos de 6 anos de idade, gestantes, pu\u00e9rperas e os profissionais de sa\u00fade que tomaram a segunda dose da vacina CoronaVac at\u00e9 o dia 5 de abril. A campanha vai at\u00e9 o dia 9 de julho em 40 pontos de vacina\u00e7\u00e3o, com hor\u00e1rio de funcionamento de segunda a sexta-feira, das 8h30 \u00e0s 16h.<\/p>\n\n\n\n<p>De acordo com a orienta\u00e7\u00e3o do Minist\u00e9rio da Sa\u00fade, as pessoas que tomaram a vacina contra a Covid-19, devem respeitar um intervalo de 14 dias para ser imunizado com a vacina da gripe. O mesmo prazo deve ser observado se a pessoa tomar a da gripe antes da da Covid.<\/p>\n\n\n\n<p>A vacina\u00e7\u00e3o contra a influenza permitir\u00e1, ao longo de 2021, prevenir o surgimento de complica\u00e7\u00f5es decorrentes da doen\u00e7a, \u00f3bitos e suas consequ\u00eancias sobre os servi\u00e7os de sa\u00fade. Ela vai tamb\u00e9m reduzir os sintomas que podem ser confundidos com os da Covid-19. As a\u00e7\u00f5es de imuniza\u00e7\u00e3o contra a influenza s\u00e3o extremamente importantes para a prote\u00e7\u00e3o da popula\u00e7\u00e3o e devem ser mantidas apesar de todos os desafios frente \u00e0 circula\u00e7\u00e3o cont\u00ednua ou recorrente do v\u00edrus da Covid-19.<\/p>\n\n\n\n<p>A lista completa com os endere\u00e7os dos postos de vacina\u00e7\u00e3o est\u00e3o em:&nbsp;<a rel=\"noreferrer noopener\" target=\"_blank\" href=\"http:\/\/www.novaiguacu.rj.gov.br\/semus\/vacinacao-contra-a-gripe\/\">http:\/\/www.novaiguacu.rj.gov.br\/semus\/vacinacao-contra-a-gripe\/<\/a><\/p>\n","protected":false},"excerpt":{"rendered":"<p>Nova Igua\u00e7u come\u00e7a, na pr\u00f3xima semana, a imuniza\u00e7\u00e3o da popula\u00e7\u00e3o contra a gripe. Assim como<\/p>\n","protected":false},"author":2,"featured_media":13074,"comment_status":"open","ping_status":"open","sticky":false,"template":"","format":"standard","meta":{"footnotes":""},"categories":[17],"tags":[],"class_list":["post-13073","post","type-post","status-publish","format-standard","has-post-thumbnail","hentry","category-outras-noticias"],"_links":{"self":[{"href":"https:\/\/tvc16.com\/portal\/wp-json\/wp\/v2\/posts\/13073","targetHints":{"allow":["GET"]}}],"collection":[{"href":"https:\/\/tvc16.com\/portal\/wp-json\/wp\/v2\/posts"}],"about":[{"href":"https:\/\/tvc16.com\/portal\/wp-json\/wp\/v2\/types\/post"}],"author":[{"embeddable":true,"href":"https:\/\/tvc16.com\/portal\/wp-json\/wp\/v2\/users\/2"}],"replies":[{"embeddable":true,"href":"https:\/\/tvc16.com\/portal\/wp-json\/wp\/v2\/comments?post=13073"}],"version-history":[{"count":1,"href":"https:\/\/tvc16.com\/portal\/wp-json\/wp\/v2\/posts\/13073\/revisions"}],"predecessor-version":[{"id":13075,"href":"https:\/\/tvc16.com\/portal\/wp-json\/wp\/v2\/posts\/13073\/revisions\/13075"}],"wp:featuredmedia":[{"embeddable":true,"href":"https:\/\/tvc16.com\/portal\/wp-json\/wp\/v2\/media\/13074"}],"wp:attachment":[{"href":"https:\/\/tvc16.com\/portal\/wp-json\/wp\/v2\/media?parent=13073"}],"wp:term":[{"taxonomy":"category","embeddable":true,"href":"https:\/\/tvc16.com\/portal\/wp-json\/wp\/v2\/categories?post=13073"},{"taxonomy":"post_tag","embeddable":true,"href":"https:\/\/tvc16.com\/portal\/wp-json\/wp\/v2\/tags?post=13073"}],"curies":[{"name":"wp","href":"https:\/\/api.w.org\/{rel}","templated":true}]}}