{"id":13082,"date":"2021-04-18T00:21:01","date_gmt":"2021-04-18T03:21:01","guid":{"rendered":"https:\/\/tvc16.com\/portal\/?p=13082"},"modified":"2021-04-18T00:21:03","modified_gmt":"2021-04-18T03:21:03","slug":"pedagoga-da-dicas-de-leitura-por-faixa-etaria-e-fala-sobre-a-importancia-de-incentivar-o-habito-as-criancas","status":"publish","type":"post","link":"https:\/\/tvc16.com\/portal\/2021\/04\/18\/pedagoga-da-dicas-de-leitura-por-faixa-etaria-e-fala-sobre-a-importancia-de-incentivar-o-habito-as-criancas\/","title":{"rendered":"Pedagoga d\u00e1 dicas de leitura por faixa et\u00e1ria e fala sobre a import\u00e2ncia de incentivar o h\u00e1bito \u00e0s crian\u00e7as"},"content":{"rendered":"\n<p><\/p>\n\n\n\n<p>No pr\u00f3ximo dia 18 de abril \u00e9 celebrado o Dia Nacional do Livro Infantil, institu\u00eddo em homenagem a um dos mais importantes nomes da literatura brasileira, o escritor brasileiro Monteiro Lobato, em men\u00e7\u00e3o \u00e0 data de seu nascimento.<br>A pedagoga e coordenadora do curso de Pedagogia da Est\u00e1cio, Carollini Graciani, destaca que a data \u00e9 utilizada n\u00e3o somente como forma de homenagear a contribui\u00e7\u00e3o de Monteiro Lobato para a literatura infantil e exaltar outros autores nacionais importantes, mas tamb\u00e9m para disseminar a import\u00e2ncia da leitura no desenvolvimento das crian\u00e7as.<br>\u201cTemos uma lista de autores nacionais que fazem parte do cotidiano escolar das crian\u00e7as, como Ana Maria Machado, com &#8220;Menina bonita do la\u00e7o de fita&#8221;; Maur\u00edcio de Sousa, com a Turma da M\u00f4nica; Monteiro Lobato, com o &#8220;S\u00edtio do Pica Pau Amarelo&#8221;; Ziraldo, com &#8220;O menino maluquinho&#8221;; e Ruth Rocha, com uma lista extensa de hist\u00f3rias que atendem da Educa\u00e7\u00e3o Infantil aos anos iniciais do Ensino Fundamental\u201d.<br>A pedagoga cita ainda alguns cl\u00e1ssicos infantis nacionais como &#8220;Ou isto ou aquilo&#8221;, de Cec\u00edlia Meireles; &#8220;Chapeuzinho amarelo&#8221;, de Chico Buarque; e &#8220;Meu P\u00e9 de Laranja Lima&#8221;, de Jos\u00e9 Mauro de Vasconcelos. Ela ressalta que a escolha dos livros para cada faixa et\u00e1ria vai de acordo com a fase de desenvolvimento dos pequenos.<\/p>\n\n\n\n<p>\u201cPara crian\u00e7as de at\u00e9 3 anos s\u00e3o indicados \u2018livros-brinquedo\u2019, \u2018livros de tecido\u2019, \u2018livros de banho\u2019, que estimulem a parte sensorial da crian\u00e7a, com texturas, sons e cores. Beb\u00eas param para ouvir hist\u00f3rias contadas com entona\u00e7\u00e3o boa e as imagens v\u00e3o chamar sua aten\u00e7\u00e3o. \u00c9 o primeiro contato com o objeto livro, \u00e9 o momento de manuseio. Para crian\u00e7as de 4 a 6 anos s\u00e3o aconselhados livros com frases curtas, muitas imagens e com letras em caixa alta, para facilitar as primeiras tentativas de reconhecer as letras e palavras. Aqui valem tamb\u00e9m os gibis, que s\u00e3o um importante recurso para a alfabetiza\u00e7\u00e3o\u201d.<br>Carollini explica ainda, que aos 7 e 8 anos de idade, o ideal s\u00e3o livros com frases mais longas e letras variadas, livros de poesias, contos e f\u00e1bulas, que v\u00e3o estimular a imagina\u00e7\u00e3o e desenvolver temas sobre comportamento, respeito, bom conv\u00edvio e conscientiza\u00e7\u00e3o. S\u00e3o as famosas hist\u00f3rias com uma moral no final. Com 9 e 10 anos de idade, a crian\u00e7a j\u00e1 est\u00e1 apta a livros que tenham volumes para sequ\u00eancia de leitura, com menos imagem e mais texto, com assuntos que os iniciem ao mundo da pr\u00e9-adolesc\u00eancia, diz a pedagoga.<br>\u201c\u00c9 importante destacar que o livro infantil n\u00e3o \u00e9 de dif\u00edcil acesso. Tem livros com pre\u00e7os que cabem no bolso e projetos educativos que enviam colet\u00e2neas gratuitamente para todo o Brasil\u201d.<br><br><strong><\/strong><\/p>\n\n\n\n<p><strong>Como incentivar o h\u00e1bito da leitura a uma crian\u00e7a<\/strong><br><br>Para Carollini, habituar uma crian\u00e7a ao gosto pela leitura come\u00e7a dentro de casa, por meio do exemplo dos pais, mostrando aos filhos que o livro \u00e9 um presente.<br>\u201cO melhor momento de intera\u00e7\u00e3o dos pais com os filhos \u00e9 reservar uma hist\u00f3ria para ler antes de dormir. N\u00e3o s\u00f3 contar a hist\u00f3ria, mas fazer questionamentos \u00e0 crian\u00e7a, como \u2018Qual o t\u00edtulo da hist\u00f3ria?\u2019, \u2018Quem \u00e9 o autor?\u2019, \u2018Quem s\u00e3o os personagens?\u2019, \u2018O que entendeu sobre a hist\u00f3ria?\u2019\u201d.<br>A pedagoga destaca ainda que o h\u00e1bito da leitura faz com que as crian\u00e7as descubram um mundo imagin\u00e1rio, estimulando sua criatividade.<br>\u201cLer \u00e9 fundamental para que uma crian\u00e7a desenvolva sua habilidade lingu\u00edstica, amplie seu vocabul\u00e1rio e suas formas de comunica\u00e7\u00e3o, al\u00e9m de ajud\u00e1-la a conhecer as pr\u00f3prias emo\u00e7\u00f5es durante todos os seus processos de desenvolvimento\u201d.<\/p>\n","protected":false},"excerpt":{"rendered":"<p>No pr\u00f3ximo dia 18 de abril \u00e9 celebrado o Dia Nacional do Livro Infantil, institu\u00eddo<\/p>\n","protected":false},"author":2,"featured_media":13083,"comment_status":"open","ping_status":"open","sticky":false,"template":"","format":"standard","meta":{"footnotes":""},"categories":[17],"tags":[],"class_list":["post-13082","post","type-post","status-publish","format-standard","has-post-thumbnail","hentry","category-outras-noticias"],"_links":{"self":[{"href":"https:\/\/tvc16.com\/portal\/wp-json\/wp\/v2\/posts\/13082","targetHints":{"allow":["GET"]}}],"collection":[{"href":"https:\/\/tvc16.com\/portal\/wp-json\/wp\/v2\/posts"}],"about":[{"href":"https:\/\/tvc16.com\/portal\/wp-json\/wp\/v2\/types\/post"}],"author":[{"embeddable":true,"href":"https:\/\/tvc16.com\/portal\/wp-json\/wp\/v2\/users\/2"}],"replies":[{"embeddable":true,"href":"https:\/\/tvc16.com\/portal\/wp-json\/wp\/v2\/comments?post=13082"}],"version-history":[{"count":1,"href":"https:\/\/tvc16.com\/portal\/wp-json\/wp\/v2\/posts\/13082\/revisions"}],"predecessor-version":[{"id":13084,"href":"https:\/\/tvc16.com\/portal\/wp-json\/wp\/v2\/posts\/13082\/revisions\/13084"}],"wp:featuredmedia":[{"embeddable":true,"href":"https:\/\/tvc16.com\/portal\/wp-json\/wp\/v2\/media\/13083"}],"wp:attachment":[{"href":"https:\/\/tvc16.com\/portal\/wp-json\/wp\/v2\/media?parent=13082"}],"wp:term":[{"taxonomy":"category","embeddable":true,"href":"https:\/\/tvc16.com\/portal\/wp-json\/wp\/v2\/categories?post=13082"},{"taxonomy":"post_tag","embeddable":true,"href":"https:\/\/tvc16.com\/portal\/wp-json\/wp\/v2\/tags?post=13082"}],"curies":[{"name":"wp","href":"https:\/\/api.w.org\/{rel}","templated":true}]}}