{"id":13085,"date":"2021-04-18T12:43:18","date_gmt":"2021-04-18T15:43:18","guid":{"rendered":"https:\/\/tvc16.com\/portal\/?p=13085"},"modified":"2021-04-18T12:43:21","modified_gmt":"2021-04-18T15:43:21","slug":"petropolis-sem-fome-comissao-de-direitos-humanos-da-camara-vai-montar-rede-de-solidariedade","status":"publish","type":"post","link":"https:\/\/tvc16.com\/portal\/2021\/04\/18\/petropolis-sem-fome-comissao-de-direitos-humanos-da-camara-vai-montar-rede-de-solidariedade\/","title":{"rendered":"Petr\u00f3polis Sem Fome: comiss\u00e3o de Direitos Humanos da C\u00e2mara vai montar rede de solidariedade"},"content":{"rendered":"\n<p><\/p>\n\n\n\n<p>Ouvindo organiza\u00e7\u00f5es, volunt\u00e1rios, assistentes sociais e fam\u00edlias em situa\u00e7\u00e3o de vulnerabilidade, a Comiss\u00e3o de Direitos Humanos da C\u00e2mara Municipal, presidida pelo vereador Yuri Moura, decidiu criar uma rede de solidariedade de combate \u00e0 fome em Petr\u00f3polis. A situa\u00e7\u00e3o na cidade \u00e9 a mesma de diversos munic\u00edpios pelo pa\u00eds: fam\u00edlias que j\u00e1 viviam com a inseguran\u00e7a alimentar e nutricional, agora est\u00e3o em situa\u00e7\u00e3o ainda mais delicada, com o agravamento da pandemia da Covid-19 e suas consequ\u00eancias.\u00a0O objetivo do movimento \u201cPetr\u00f3polis Sem Fome\u201d \u00e9 impulsionar a arrecada\u00e7\u00e3o de alimentos e auxiliar as a\u00e7\u00f5es de solidariedade j\u00e1 existentes. Ou seja, criar uma rede de di\u00e1logo entre estas a\u00e7\u00f5es. Nos pr\u00f3ximos dias, a Comiss\u00e3o de Direitos Humanos vai dar in\u00edcio, de forma online, aos encontros de estrutura\u00e7\u00e3o do movimento, definindo os pontos de arrecada\u00e7\u00e3o e mapeando as principais necessidades dos projetos em andamento:\u00a0\u201cVamos conversar com algumas entidades e, na semana que vem, vamos promover uma reuni\u00e3o mais ampla, com todos os inscritos. O trabalho de solidariedade j\u00e1 existe, \u00e9 feito por associa\u00e7\u00f5es de moradores, igrejas, terreiros, organiza\u00e7\u00f5es sociais ou mesmo por fam\u00edlias ou grupos de amigos do munic\u00edpio. O que queremos \u00e9 contribuir na arrecada\u00e7\u00e3o, na troca de necessidades e log\u00edstica, sendo fundamental que, nesta rede, a sociedade civil seja protagonista.\u201d, disse Yuri.\u00a0A Comiss\u00e3o de Direitos Humanos se comprometeu em divulgar relat\u00f3rios p\u00fablicos sobre a arrecada\u00e7\u00e3o e o andamento do projeto. Quem quiser ajudar, pode se inscrever no link\u00a0<a rel=\"noreferrer noopener\" target=\"_blank\" href=\"http:\/\/bit.ly\/petrosemfome\">bit.ly\/petrosemfome<\/a>. O formul\u00e1rio \u00e9 para os que querem ser volunt\u00e1rios no Petr\u00f3polis Sem Fome ou mesmo para quem j\u00e1 possui alguma a\u00e7\u00e3o social e precisa de apoio.\u00a0\u00a0\u201cEntendemos que \u00e9 antes de tudo responsabilidade do poder p\u00fablico o combate \u00e0 mis\u00e9ria, n\u00e3o \u00e0 toa, nosso mandato segue propondo, em lei, a Renda B\u00e1sica Petr\u00f3polis e acompanhando os esfor\u00e7os da prefeitura na \u00e1rea. Entretanto, a sociedade civil pode e precisa ajudar, solidariedade \u00e9 dever de todos n\u00f3s, ainda mais em tempos como o de hoje.\u201d, concluiu.<\/p>\n\n\n\n<figure class=\"wp-block-table\"><table><tbody><tr><td><\/td><\/tr><\/tbody><\/table><\/figure>\n\n\n\n<figure class=\"wp-block-table\"><table><tbody><tr><td><a><\/a><\/td><\/tr><\/tbody><\/table><\/figure>\n\n\n\n<figure class=\"wp-block-table\"><table><tbody><tr><td><\/td><\/tr><\/tbody><\/table><\/figure>\n\n\n\n<figure class=\"wp-block-table\"><table><tbody><tr><td><\/td><\/tr><\/tbody><\/table><\/figure>\n","protected":false},"excerpt":{"rendered":"<p>Ouvindo organiza\u00e7\u00f5es, volunt\u00e1rios, assistentes sociais e fam\u00edlias em situa\u00e7\u00e3o de vulnerabilidade, a Comiss\u00e3o de Direitos<\/p>\n","protected":false},"author":2,"featured_media":13086,"comment_status":"open","ping_status":"open","sticky":false,"template":"","format":"standard","meta":{"footnotes":""},"categories":[12],"tags":[],"class_list":["post-13085","post","type-post","status-publish","format-standard","has-post-thumbnail","hentry","category-cidade"],"_links":{"self":[{"href":"https:\/\/tvc16.com\/portal\/wp-json\/wp\/v2\/posts\/13085","targetHints":{"allow":["GET"]}}],"collection":[{"href":"https:\/\/tvc16.com\/portal\/wp-json\/wp\/v2\/posts"}],"about":[{"href":"https:\/\/tvc16.com\/portal\/wp-json\/wp\/v2\/types\/post"}],"author":[{"embeddable":true,"href":"https:\/\/tvc16.com\/portal\/wp-json\/wp\/v2\/users\/2"}],"replies":[{"embeddable":true,"href":"https:\/\/tvc16.com\/portal\/wp-json\/wp\/v2\/comments?post=13085"}],"version-history":[{"count":1,"href":"https:\/\/tvc16.com\/portal\/wp-json\/wp\/v2\/posts\/13085\/revisions"}],"predecessor-version":[{"id":13087,"href":"https:\/\/tvc16.com\/portal\/wp-json\/wp\/v2\/posts\/13085\/revisions\/13087"}],"wp:featuredmedia":[{"embeddable":true,"href":"https:\/\/tvc16.com\/portal\/wp-json\/wp\/v2\/media\/13086"}],"wp:attachment":[{"href":"https:\/\/tvc16.com\/portal\/wp-json\/wp\/v2\/media?parent=13085"}],"wp:term":[{"taxonomy":"category","embeddable":true,"href":"https:\/\/tvc16.com\/portal\/wp-json\/wp\/v2\/categories?post=13085"},{"taxonomy":"post_tag","embeddable":true,"href":"https:\/\/tvc16.com\/portal\/wp-json\/wp\/v2\/tags?post=13085"}],"curies":[{"name":"wp","href":"https:\/\/api.w.org\/{rel}","templated":true}]}}