{"id":13088,"date":"2021-04-18T19:47:40","date_gmt":"2021-04-18T22:47:40","guid":{"rendered":"https:\/\/tvc16.com\/portal\/?p=13088"},"modified":"2021-04-18T19:47:42","modified_gmt":"2021-04-18T22:47:42","slug":"segunda-feira-19-de-tempo-instavel-no-sudeste-do-pais","status":"publish","type":"post","link":"https:\/\/tvc16.com\/portal\/2021\/04\/18\/segunda-feira-19-de-tempo-instavel-no-sudeste-do-pais\/","title":{"rendered":"Segunda-feira (19) de tempo inst\u00e1vel no Sudeste do pa\u00eds"},"content":{"rendered":"\n<h2 class=\"wp-block-heading\"><\/h2>\n\n\n\n<p>A temperatura na regi\u00e3o pode variar <a rel=\"noreferrer noopener\" target=\"_blank\" href=\"https:\/\/news.google.com\/publications\/CAAqBwgKMNyGmwswoJGzAw\"><\/a><\/p>\n\n\n\n<p>Nesta segunda-feira (19) um sistema frontal no oceano deixa o tempo inst\u00e1vel entre o Rio de Janeiro, Esp\u00edrito Santo, Minas Gerais e parte do nordeste e leste de S\u00e3o Paulo. Por outro lado, o ar seco j\u00e1 come\u00e7a a avan\u00e7ar sobre o interior paulista.<\/p>\n\n\n\n<p>As temperaturas podem variar entre 12 e 30 graus. Em toda a regi\u00e3o, os \u00edndices de umidade relativa do ar ficam entre 20% e 100%.<\/p>\n\n\n\n<p>As informa\u00e7\u00f5es s\u00e3o do Somar Meteorologia.<\/p>\n","protected":false},"excerpt":{"rendered":"<p>A temperatura na regi\u00e3o pode variar Nesta segunda-feira (19) um sistema frontal no oceano deixa<\/p>\n","protected":false},"author":2,"featured_media":13090,"comment_status":"open","ping_status":"open","sticky":false,"template":"","format":"standard","meta":{"footnotes":""},"categories":[17],"tags":[],"class_list":["post-13088","post","type-post","status-publish","format-standard","has-post-thumbnail","hentry","category-outras-noticias"],"_links":{"self":[{"href":"https:\/\/tvc16.com\/portal\/wp-json\/wp\/v2\/posts\/13088","targetHints":{"allow":["GET"]}}],"collection":[{"href":"https:\/\/tvc16.com\/portal\/wp-json\/wp\/v2\/posts"}],"about":[{"href":"https:\/\/tvc16.com\/portal\/wp-json\/wp\/v2\/types\/post"}],"author":[{"embeddable":true,"href":"https:\/\/tvc16.com\/portal\/wp-json\/wp\/v2\/users\/2"}],"replies":[{"embeddable":true,"href":"https:\/\/tvc16.com\/portal\/wp-json\/wp\/v2\/comments?post=13088"}],"version-history":[{"count":1,"href":"https:\/\/tvc16.com\/portal\/wp-json\/wp\/v2\/posts\/13088\/revisions"}],"predecessor-version":[{"id":13091,"href":"https:\/\/tvc16.com\/portal\/wp-json\/wp\/v2\/posts\/13088\/revisions\/13091"}],"wp:featuredmedia":[{"embeddable":true,"href":"https:\/\/tvc16.com\/portal\/wp-json\/wp\/v2\/media\/13090"}],"wp:attachment":[{"href":"https:\/\/tvc16.com\/portal\/wp-json\/wp\/v2\/media?parent=13088"}],"wp:term":[{"taxonomy":"category","embeddable":true,"href":"https:\/\/tvc16.com\/portal\/wp-json\/wp\/v2\/categories?post=13088"},{"taxonomy":"post_tag","embeddable":true,"href":"https:\/\/tvc16.com\/portal\/wp-json\/wp\/v2\/tags?post=13088"}],"curies":[{"name":"wp","href":"https:\/\/api.w.org\/{rel}","templated":true}]}}