{"id":13092,"date":"2021-04-18T19:50:03","date_gmt":"2021-04-18T22:50:03","guid":{"rendered":"https:\/\/tvc16.com\/portal\/?p=13092"},"modified":"2021-04-18T19:50:05","modified_gmt":"2021-04-18T22:50:05","slug":"nova-iguacu-vacina-pessoas-de-62-a-60-anos-e-profissionais-de-saude-de-28-a-26-anos-nesta-semana","status":"publish","type":"post","link":"https:\/\/tvc16.com\/portal\/2021\/04\/18\/nova-iguacu-vacina-pessoas-de-62-a-60-anos-e-profissionais-de-saude-de-28-a-26-anos-nesta-semana\/","title":{"rendered":"Nova Igua\u00e7u vacina pessoas de 62 a 60 anos e profissionais de sa\u00fade de 28 a 26 anos nesta semana"},"content":{"rendered":"\n<p><strong><br><\/strong><br>A Prefeitura de Nova Igua\u00e7u, por meio da Secretaria Municipal de Sa\u00fade, inicia a vacina\u00e7\u00e3o contra a Covid-19, nesta semana, para pessoas entre 62 e 60 anos e profissionais da sa\u00fade de 26 a 28 anos. Al\u00e9m disso, um novo ponto de vacina\u00e7\u00e3o. aberto na Cl\u00ednica da Fam\u00edlia Cabu\u00e7u, passa a funcionar nesta segunda-feira (19), totalizando 21 locais de imuniza\u00e7\u00e3o contra a doen\u00e7a.<\/p>\n\n\n\n<p>A vacina\u00e7\u00e3o ter\u00e1 in\u00edcio, nesta segunda-feira (19), pelas mulheres de 62 anos. Na ter\u00e7a (20) ser\u00e1 a vez dos homens nesta faixa et\u00e1ria. Na quarta (21), mulheres de 61 anos ser\u00e3o imunizadas. Na quinta (22), os homens de 61. As mulheres de 60 anos ser\u00e3o vacinadas na sexta (23). No s\u00e1bado (24), homens desta mesma idade poder\u00e3o procurar um dos pontos de vacina\u00e7\u00e3o.<\/p>\n\n\n\n<p>Os profissionais de sa\u00fade tamb\u00e9m seguem na programa\u00e7\u00e3o de imuniza\u00e7\u00e3o. Na segunda-feira (19) ser\u00e3o as mulheres com idade igual ou acima de 28 anos. Na ter\u00e7a-feira (20) ser\u00e1 o dia dos homens desta idade. Na quarta-feira (21), as mulheres de 27 anos ou mais ser\u00e3o vacinadas. Na quinta (22), ser\u00e1 a vez dos homens profissionais com 27 anos ou mais. Na sexta (23), mulheres de 26 anos ou mais ser\u00e3o imunizadas e, no s\u00e1bado (24), os homens com idade igual ou acima de 26.<\/p>\n\n\n\n<p>Entre os profissionais est\u00e3o m\u00e9dicos, enfermeiros, nutricionistas, profissionais de educa\u00e7\u00e3o f\u00edsica, fisioterapeutas, terapeutas ocupacionais, bi\u00f3logos, biom\u00e9dicos, farmac\u00eauticos, odont\u00f3logos, fonoaudi\u00f3logos, psic\u00f3logos, assistentes sociais, m\u00e9dicos veterin\u00e1rios, t\u00e9cnicos de laborat\u00f3rio, t\u00e9cnicos de enfermagem, t\u00e9cnicos de radiologia e t\u00e9cnicos de higiene bucal.<\/p>\n\n\n\n<p>A aplica\u00e7\u00e3o de segunda dose do imunizante tamb\u00e9m ser\u00e1 realizada, seguindo a divis\u00e3o entre homens e mulheres. Ser\u00e3o esperados os profissionais de sa\u00fade e os idosos maiores de 70 anos vacinados com a Coronavac (Cart\u00e3o Azul) at\u00e9 o dia 5 de abril e tamb\u00e9m os profissionais de sa\u00fade vacinados com a Astrazeneca (Cart\u00e3o Laranja) at\u00e9 esta mesma data. Quem tiver com o prazo da segunda aplica\u00e7\u00e3o ultrapassado, tamb\u00e9m poder\u00e1 comparecer para garantir a completa imuniza\u00e7\u00e3o. Nova Igua\u00e7u j\u00e1 aplicou 126.485 vacinas contra a Covid-19, entre primeira e segunda dose.<\/p>\n\n\n\n<p>Para ser vacinado, \u00e9 preciso apresentar carteira de identidade, CPF, Cart\u00e3o do SUS, comprovante de resid\u00eancia e carteira do Conselho profissional ativa, no caso dos profissionais de sa\u00fade. Os profissionais de Sa\u00fade das unidades da Secretaria Municipal de Sa\u00fade devem apresentar crach\u00e1 ou comprovante de v\u00ednculo com a SEMUS. O hor\u00e1rio de funcionamento da campanha das 8h30 \u00e0s 16h, com exce\u00e7\u00e3o aos s\u00e1bados, que vai at\u00e9 \u00e0s 14h.<br><br>A lista completa com os endere\u00e7os dos postos de vacina\u00e7\u00e3o contra a Covid-19 e o calend\u00e1rio de imuniza\u00e7\u00e3o est\u00e3o em:&nbsp;<a rel=\"noreferrer noopener\" target=\"_blank\" href=\"http:\/\/www.novaiguacu.rj.gov.br\/semus\/vacinacao-covid\/calendario\/\">www.novaiguacu.rj.gov.br\/semus\/vacinacao-covid\/calendario\/<\/a><\/p>\n","protected":false},"excerpt":{"rendered":"<p>A Prefeitura de Nova Igua\u00e7u, por meio da Secretaria Municipal de Sa\u00fade, inicia a vacina\u00e7\u00e3o<\/p>\n","protected":false},"author":2,"featured_media":13093,"comment_status":"open","ping_status":"open","sticky":false,"template":"","format":"standard","meta":{"footnotes":""},"categories":[17],"tags":[],"class_list":["post-13092","post","type-post","status-publish","format-standard","has-post-thumbnail","hentry","category-outras-noticias"],"_links":{"self":[{"href":"https:\/\/tvc16.com\/portal\/wp-json\/wp\/v2\/posts\/13092","targetHints":{"allow":["GET"]}}],"collection":[{"href":"https:\/\/tvc16.com\/portal\/wp-json\/wp\/v2\/posts"}],"about":[{"href":"https:\/\/tvc16.com\/portal\/wp-json\/wp\/v2\/types\/post"}],"author":[{"embeddable":true,"href":"https:\/\/tvc16.com\/portal\/wp-json\/wp\/v2\/users\/2"}],"replies":[{"embeddable":true,"href":"https:\/\/tvc16.com\/portal\/wp-json\/wp\/v2\/comments?post=13092"}],"version-history":[{"count":1,"href":"https:\/\/tvc16.com\/portal\/wp-json\/wp\/v2\/posts\/13092\/revisions"}],"predecessor-version":[{"id":13094,"href":"https:\/\/tvc16.com\/portal\/wp-json\/wp\/v2\/posts\/13092\/revisions\/13094"}],"wp:featuredmedia":[{"embeddable":true,"href":"https:\/\/tvc16.com\/portal\/wp-json\/wp\/v2\/media\/13093"}],"wp:attachment":[{"href":"https:\/\/tvc16.com\/portal\/wp-json\/wp\/v2\/media?parent=13092"}],"wp:term":[{"taxonomy":"category","embeddable":true,"href":"https:\/\/tvc16.com\/portal\/wp-json\/wp\/v2\/categories?post=13092"},{"taxonomy":"post_tag","embeddable":true,"href":"https:\/\/tvc16.com\/portal\/wp-json\/wp\/v2\/tags?post=13092"}],"curies":[{"name":"wp","href":"https:\/\/api.w.org\/{rel}","templated":true}]}}