{"id":13095,"date":"2021-04-18T19:52:23","date_gmt":"2021-04-18T22:52:23","guid":{"rendered":"https:\/\/tvc16.com\/portal\/?p=13095"},"modified":"2021-04-18T19:52:26","modified_gmt":"2021-04-18T22:52:26","slug":"detran-rj-oferece-vistoria-noturna-em-12-unidades-a-partir-desta-segunda-feira-19","status":"publish","type":"post","link":"https:\/\/tvc16.com\/portal\/2021\/04\/18\/detran-rj-oferece-vistoria-noturna-em-12-unidades-a-partir-desta-segunda-feira-19\/","title":{"rendered":"Detran.RJ oferece vistoria noturna em 12 unidades a partir desta segunda-feira (19)"},"content":{"rendered":"\n<p><br><em>Agendamentos podem ser realizados pelo site e Teleatendimento\u00a0<\/em><\/p>\n\n\n\n<p>Para reduzir a demanda represada por conta da pandemia, e dar mais op\u00e7\u00f5es de hor\u00e1rios aos usu\u00e1rios, o Detran.RJ inicia, nesta segunda-feira (19), o atendimento noturno em doze postos de vistoria do Estado.<\/p>\n\n\n\n<p>Cinco postos na capital e sete da Regi\u00e3o Metropolitana e do interior do Estado ter\u00e3o o hor\u00e1rio de atendimento ampliado, passando a atender o usu\u00e1rio at\u00e9 as 21h. S\u00e3o eles: Largo do Machado, Barra, Cocot\u00e1, Ceasa, Campo Grande, Niter\u00f3i, Belford Roxo, Mag\u00e9, Nova Friburgo, Araruama, S\u00e3o Pedro da Aldeia e Campos dos Goytacazes.<\/p>\n\n\n\n<p>Em visita ao posto do Largo do Machado, na \u00faltima sexta-feira (16\/04), o presidente do Detran.RJ, Adolfo Konder, acompanhou de perto os primeiros agendamentos noturnos, que serviram de teste para verificar a necessidade de ajustes pontuais.<\/p>\n\n\n\n<p>\u201cCom todas as medidas de seguran\u00e7a, estamos estendendo o hor\u00e1rio de atendimento em 12 unidades de vistoria. Com a amplia\u00e7\u00e3o, ser\u00e1 poss\u00edvel oferecer mais de mil vagas extras por dia, reduzindo significativamente a demanda reprimida em fun\u00e7\u00e3o da pandemia. Al\u00e9m disso, o usu\u00e1rio ter\u00e1 a possibilidade de agendar o servi\u00e7o em um hor\u00e1rio alternativo. \u00c9 nosso dever criar mecanismos para atender melhor o usu\u00e1rio\u201d, disse Konder.<\/p>\n\n\n\n<p>O motofretista Alciney dos Santos, que realizou o servi\u00e7o de transfer\u00eancia de propriedade, elogiou a amplia\u00e7\u00e3o do hor\u00e1rio de atendimento. \u201cAgendei o servi\u00e7o na quarta-feira e j\u00e1 estou com o ve\u00edculo em meu nome. A medida \u00e9 excelente pra quem trabalha durante o dia. Facilita muito a vida da gente\u201d. O condutor de trem Ramon Antunes tamb\u00e9m aprovou a iniciativa do departamento. \u201cAchei bem interessante o hor\u00e1rio noturno. Antes de ser atendido, consegui trabalhar e levar meu filho para fazer suas atividades. Enfim, n\u00e3o prejudicou minha rotina. O Detran est\u00e1 de parab\u00e9ns&#8221;, declarou o morador de Realengo.<\/p>\n\n\n\n<p>Os agendamentos podem ser realizados pelo site do Detran (<a rel=\"noreferrer noopener\" target=\"_blank\" href=\"http:\/\/www.detran.rj.gov.br\">www.detran.rj.gov.br<\/a>) ou pelo Teleatendimento, nos n\u00fameros (21) 3460-4040, 3460-4041 ou 3460-4042, das 6h \u00e0s 21h.<\/p>\n\n\n\n<p>A extens\u00e3o do servi\u00e7o noturno para outros postos vai depender da procura pelas vagas e da avalia\u00e7\u00e3o do departamento.<\/p>\n","protected":false},"excerpt":{"rendered":"<p>Agendamentos podem ser realizados pelo site e Teleatendimento\u00a0 Para reduzir a demanda represada por conta<\/p>\n","protected":false},"author":2,"featured_media":13096,"comment_status":"open","ping_status":"open","sticky":false,"template":"","format":"standard","meta":{"footnotes":""},"categories":[17],"tags":[],"class_list":["post-13095","post","type-post","status-publish","format-standard","has-post-thumbnail","hentry","category-outras-noticias"],"_links":{"self":[{"href":"https:\/\/tvc16.com\/portal\/wp-json\/wp\/v2\/posts\/13095","targetHints":{"allow":["GET"]}}],"collection":[{"href":"https:\/\/tvc16.com\/portal\/wp-json\/wp\/v2\/posts"}],"about":[{"href":"https:\/\/tvc16.com\/portal\/wp-json\/wp\/v2\/types\/post"}],"author":[{"embeddable":true,"href":"https:\/\/tvc16.com\/portal\/wp-json\/wp\/v2\/users\/2"}],"replies":[{"embeddable":true,"href":"https:\/\/tvc16.com\/portal\/wp-json\/wp\/v2\/comments?post=13095"}],"version-history":[{"count":1,"href":"https:\/\/tvc16.com\/portal\/wp-json\/wp\/v2\/posts\/13095\/revisions"}],"predecessor-version":[{"id":13097,"href":"https:\/\/tvc16.com\/portal\/wp-json\/wp\/v2\/posts\/13095\/revisions\/13097"}],"wp:featuredmedia":[{"embeddable":true,"href":"https:\/\/tvc16.com\/portal\/wp-json\/wp\/v2\/media\/13096"}],"wp:attachment":[{"href":"https:\/\/tvc16.com\/portal\/wp-json\/wp\/v2\/media?parent=13095"}],"wp:term":[{"taxonomy":"category","embeddable":true,"href":"https:\/\/tvc16.com\/portal\/wp-json\/wp\/v2\/categories?post=13095"},{"taxonomy":"post_tag","embeddable":true,"href":"https:\/\/tvc16.com\/portal\/wp-json\/wp\/v2\/tags?post=13095"}],"curies":[{"name":"wp","href":"https:\/\/api.w.org\/{rel}","templated":true}]}}