{"id":13107,"date":"2021-04-19T18:02:40","date_gmt":"2021-04-19T21:02:40","guid":{"rendered":"https:\/\/tvc16.com\/portal\/?p=13107"},"modified":"2021-04-19T18:02:42","modified_gmt":"2021-04-19T21:02:42","slug":"ladroes-arrombam-e-furtam-centro-de-atencao-psicossocial","status":"publish","type":"post","link":"https:\/\/tvc16.com\/portal\/2021\/04\/19\/ladroes-arrombam-e-furtam-centro-de-atencao-psicossocial\/","title":{"rendered":"Ladr\u00f5es arrombam e furtam Centro de Aten\u00e7\u00e3o Psicossocial"},"content":{"rendered":"\n<p>Por conta de um arrombamento durante o fim de semana, o Centro de Aten\u00e7\u00e3o Psicossocial &#8211; CAPS N\u00fabia Helena, em Itaipava, est\u00e1 com os atendimentos suspensos nesta segunda-feira (19\/04). A medida \u00e9 necess\u00e1ria para que seja realizado o trabalho de per\u00edcia pela Pol\u00edcia Civil. <\/p>\n\n\n\n<p>O arrombamento foi detectado por um vigia da unidade na noite de domingo e comunicado imediatamente \u00e0 Pol\u00edcia. O levantamento inicial aponta que foram levados tr\u00eas botijas de g\u00e1s cheias, ventilador, aparelho de som e cestas b\u00e1sicas.Os trabalhos na unidade ser\u00e3o retomados nesta ter\u00e7a-feira (20.04).<\/p>\n","protected":false},"excerpt":{"rendered":"<p>Por conta de um arrombamento durante o fim de semana, o Centro de Aten\u00e7\u00e3o Psicossocial<\/p>\n","protected":false},"author":2,"featured_media":13108,"comment_status":"open","ping_status":"open","sticky":false,"template":"","format":"standard","meta":{"footnotes":""},"categories":[12],"tags":[],"class_list":["post-13107","post","type-post","status-publish","format-standard","has-post-thumbnail","hentry","category-cidade"],"_links":{"self":[{"href":"https:\/\/tvc16.com\/portal\/wp-json\/wp\/v2\/posts\/13107","targetHints":{"allow":["GET"]}}],"collection":[{"href":"https:\/\/tvc16.com\/portal\/wp-json\/wp\/v2\/posts"}],"about":[{"href":"https:\/\/tvc16.com\/portal\/wp-json\/wp\/v2\/types\/post"}],"author":[{"embeddable":true,"href":"https:\/\/tvc16.com\/portal\/wp-json\/wp\/v2\/users\/2"}],"replies":[{"embeddable":true,"href":"https:\/\/tvc16.com\/portal\/wp-json\/wp\/v2\/comments?post=13107"}],"version-history":[{"count":1,"href":"https:\/\/tvc16.com\/portal\/wp-json\/wp\/v2\/posts\/13107\/revisions"}],"predecessor-version":[{"id":13109,"href":"https:\/\/tvc16.com\/portal\/wp-json\/wp\/v2\/posts\/13107\/revisions\/13109"}],"wp:featuredmedia":[{"embeddable":true,"href":"https:\/\/tvc16.com\/portal\/wp-json\/wp\/v2\/media\/13108"}],"wp:attachment":[{"href":"https:\/\/tvc16.com\/portal\/wp-json\/wp\/v2\/media?parent=13107"}],"wp:term":[{"taxonomy":"category","embeddable":true,"href":"https:\/\/tvc16.com\/portal\/wp-json\/wp\/v2\/categories?post=13107"},{"taxonomy":"post_tag","embeddable":true,"href":"https:\/\/tvc16.com\/portal\/wp-json\/wp\/v2\/tags?post=13107"}],"curies":[{"name":"wp","href":"https:\/\/api.w.org\/{rel}","templated":true}]}}