{"id":1311,"date":"2020-09-26T15:43:02","date_gmt":"2020-09-26T15:43:02","guid":{"rendered":"https:\/\/tvc16.com\/portal\/?p=1311"},"modified":"2020-09-26T15:43:02","modified_gmt":"2020-09-26T15:43:02","slug":"municipios-devem-receber-650-mi-para-saude-mental-em-funcao-dos-impactos-da-pandemia","status":"publish","type":"post","link":"https:\/\/tvc16.com\/portal\/2020\/09\/26\/municipios-devem-receber-650-mi-para-saude-mental-em-funcao-dos-impactos-da-pandemia\/","title":{"rendered":"Munic\u00edpios devem receber 650 Mi para sa\u00fade mental em fun\u00e7\u00e3o dos impactos da pandemia"},"content":{"rendered":"\n<p>Com foco em amenizar os impactos causados pela pandemia da Covid-19, o Minist\u00e9rio da Sa\u00fade vai repassar aos munic\u00edpios brasileiros R$ 650 milh\u00f5es para aquisi\u00e7\u00e3o de medicamentos para a sa\u00fade mental. Os <a href=\"https:\/\/www.in.gov.br\/en\/web\/dou\/-\/portaria-n-2.516-de-21-de-setembro-de-2020-278695720\">repasses<\/a> ser\u00e3o feitos em parcela \u00fanica ao Fundo Municipal de Sa\u00fade e os valores destinados a cada localidade foram definidos com base no n\u00famero de habitantes e no \u00cdndice de Desenvolvimento Humano Municipal (IDHM).&nbsp;<br><br>A verba federal ir\u00e1 financiar a aquisi\u00e7\u00e3o de medicamentos j\u00e1 ofertados no Sistema \u00danico de Sa\u00fade (SUS) no \u00e2mbito do Componente B\u00e1sico da Assist\u00eancia Farmac\u00eautica. Atualmente s\u00e3o ofertados 22 medicamentos, previstos na Rela\u00e7\u00e3o Nacional de Medicamentos Essenciais \u2013 Rename.<\/p>\n\n\n\n<p><img decoding=\"async\" alt=\"\" src=\"\/\/s3-sa-east-1.amazonaws.com\/agencia-radio-arb\/2921\/content_WhatsApp_Image_2020-09-25_at_15.39.40.jpeg\"><br><br>\u201cJ\u00e1 estamos nos preparando para o enfrentamento da quarta onda da pandemia, como \u00e9 conhecida. \u00c9 um adoecimento mental da sociedade, quando uma s\u00e9rie de doen\u00e7as provocadas pelas mudan\u00e7as bruscas e o medo da Covid-19 geram consequ\u00eancias na sa\u00fade mental. Isso pode envolver situa\u00e7\u00f5es de estresse, ansiedade, transtorno bipolar, irrita\u00e7\u00e3o, paranoia, ins\u00f4nia, v\u00e1rias condi\u00e7\u00f5es\u201d, destaca o secret\u00e1rio de Ci\u00eancia, Tecnologia, Inova\u00e7\u00e3o e Insumos Estrat\u00e9gicos em Sa\u00fade, H\u00e9lio Angotti Neto.&nbsp;<\/p>\n\n\n\n<p><strong><a href=\"https:\/\/brasil61.com\/noticias\/violencia-e-abuso-durante-a-pandemia-criancas-e-adolescentes-recebem-apoio-bras201695\">Viol\u00eancia e abuso durante a pandemia: crian\u00e7as e adolescentes recebem apoio<\/a><\/strong><br><br>Os munic\u00edpios ter\u00e3o de prestar contas dos medicamentos adquiridos com o repasse feito pelo Minist\u00e9rio da Sa\u00fade, como explica a coordenadora de Sa\u00fade Mental do Minist\u00e9rio da Sa\u00fade, Maria Dilma Alves Teodoro. \u201cA comprova\u00e7\u00e3o do uso dos recursos \u00e9 feita por meio do Relat\u00f3rio Anual de Gest\u00e3o. Esse relat\u00f3rio vai incluir todo esse recurso, comprovar que ele foi utilizado para esse fim. Ele (gestor) vai apresentar esse relat\u00f3rio no Conselho de Sa\u00fade at\u00e9 30 de mar\u00e7o do ano que vem\u201d, diz.&nbsp;<\/p>\n\n\n\n<p><img decoding=\"async\" alt=\"\" src=\"\/\/s3-sa-east-1.amazonaws.com\/agencia-radio-arb\/2922\/content_WhatsApp_Image_2020-09-25_at_15.39.40_%281%29.jpeg\"><br><br>Para o especialista em Direito Constitucional, Renato Ara\u00fajo, o Minist\u00e9rio da Sa\u00fade demorou em tomar medidas de aux\u00edlio \u00e0 sa\u00fade mental. Na avalia\u00e7\u00e3o de Ara\u00fajo, o cen\u00e1rio da pandemia poderia ser outro se o governo tivesse adotado a\u00e7\u00f5es preventivas no in\u00edcio da crise.<br><br>\u201cO Governo Federal, em especial o Minist\u00e9rio da Sa\u00fade, tem adotado agora, de forma tardia, medidas e procedimentos de conten\u00e7\u00e3o \u00e0 pandemia. Toda medida de enfrentamento \u00e0 pandemia \u00e9 bem-vinda, todavia se essas medidas tivessem sido adotadas no in\u00edcio, sem ceticismo, \u00e9 poss\u00edvel que esse cen\u00e1rio de mortos fosse menor\u201d, opina.&nbsp;<br>&nbsp;<\/p>\n\n\n\n<p>Fonte: <a href=\"https:\/\/brasil61.com\/noticias\/municipios-devem-receber-650-mi-para-saude-mental-em-funcao-dos-impactos-da-pandemia-bras201996\" target=\"_blank\" rel=\"noreferrer noopener\">Brasil 61<\/a><\/p>\n","protected":false},"excerpt":{"rendered":"<p>Com foco em amenizar os impactos causados pela pandemia da Covid-19, o Minist\u00e9rio da Sa\u00fade<\/p>\n","protected":false},"author":2,"featured_media":1312,"comment_status":"open","ping_status":"open","sticky":false,"template":"","format":"standard","meta":{"footnotes":""},"categories":[13],"tags":[],"class_list":["post-1311","post","type-post","status-publish","format-standard","has-post-thumbnail","hentry","category-saude"],"_links":{"self":[{"href":"https:\/\/tvc16.com\/portal\/wp-json\/wp\/v2\/posts\/1311","targetHints":{"allow":["GET"]}}],"collection":[{"href":"https:\/\/tvc16.com\/portal\/wp-json\/wp\/v2\/posts"}],"about":[{"href":"https:\/\/tvc16.com\/portal\/wp-json\/wp\/v2\/types\/post"}],"author":[{"embeddable":true,"href":"https:\/\/tvc16.com\/portal\/wp-json\/wp\/v2\/users\/2"}],"replies":[{"embeddable":true,"href":"https:\/\/tvc16.com\/portal\/wp-json\/wp\/v2\/comments?post=1311"}],"version-history":[{"count":1,"href":"https:\/\/tvc16.com\/portal\/wp-json\/wp\/v2\/posts\/1311\/revisions"}],"predecessor-version":[{"id":1313,"href":"https:\/\/tvc16.com\/portal\/wp-json\/wp\/v2\/posts\/1311\/revisions\/1313"}],"wp:featuredmedia":[{"embeddable":true,"href":"https:\/\/tvc16.com\/portal\/wp-json\/wp\/v2\/media\/1312"}],"wp:attachment":[{"href":"https:\/\/tvc16.com\/portal\/wp-json\/wp\/v2\/media?parent=1311"}],"wp:term":[{"taxonomy":"category","embeddable":true,"href":"https:\/\/tvc16.com\/portal\/wp-json\/wp\/v2\/categories?post=1311"},{"taxonomy":"post_tag","embeddable":true,"href":"https:\/\/tvc16.com\/portal\/wp-json\/wp\/v2\/tags?post=1311"}],"curies":[{"name":"wp","href":"https:\/\/api.w.org\/{rel}","templated":true}]}}