{"id":13110,"date":"2021-04-19T18:04:49","date_gmt":"2021-04-19T21:04:49","guid":{"rendered":"https:\/\/tvc16.com\/portal\/?p=13110"},"modified":"2021-04-19T18:04:51","modified_gmt":"2021-04-19T21:04:51","slug":"contacoes-de-historias-especiais-no-educa-em-casa","status":"publish","type":"post","link":"https:\/\/tvc16.com\/portal\/2021\/04\/19\/contacoes-de-historias-especiais-no-educa-em-casa\/","title":{"rendered":"Conta\u00e7\u00f5es de Hist\u00f3rias especiais no Educa em Casa"},"content":{"rendered":"\n<p>Semana em comemora\u00e7\u00e3o ao Dia Nacional do Livro Infantil, celebrado em 18 abril<\/p>\n\n\n\n<p>Neste domingo (18.04) foi comemorado o Dia Nacional do Livro Infantil. Para chamar aten\u00e7\u00e3o para a data, a Secretaria de Educa\u00e7\u00e3o programou uma semana diferenciada, com a postagem de v\u00eddeos de conta\u00e7\u00f5es de hist\u00f3rias, feitas por professores da rede, no \u00edcone \u201cPraticas da Rede\u201d, na plataforma Educa em Casa.<\/p>\n\n\n\n<p>Nessa segunda-feira (19.04) dois v\u00eddeos poder\u00e3o ser acessados: Pedro, o Poderoso e um v\u00eddeo sobre o Dia do \u00cdndio. A hist\u00f3ria do Pedro foi compartilhada pela professora e diretora do CREI Aline de Sousa, Tajha Xavier, que tamb\u00e9m \u00e9 autora do livro, que fala sobre a tem\u00e1tica do autismo de forma diferenciada \u2013 o Dia do Autismo foi celebrado em 2 de abril. J\u00e1 o v\u00eddeo que fala um pouco sobre a cultura ind\u00edgena foi feito pela professora Glaucia Caire.<\/p>\n\n\n\n<p>A ideia \u00e9 que v\u00eddeos novos sejam postados durante toda a semana. \u201cAbordando temas diferenciados, mas sempre exaltando a import\u00e2ncia da leitura, que \u00e9 t\u00e3o importante para o aprendizado dos estudantes. Agrade\u00e7o os professores que disponibilizaram seus v\u00eddeos e dedicaram esse tempo para compartilhar conosco as suas habilidades\u201d, disse a secret\u00e1ria de Educa\u00e7\u00e3o, Marcia Palma.<\/p>\n\n\n\n<p>Os v\u00eddeos podem ser acessados na plataforma Educa em Casa que est\u00e1 dispon\u00edvel no site da prefeitura (www.petropolis.rj.gov.br), no \u00edcone \u201cPr\u00e1ticas da Rede\u201d, que fica na p\u00e1gina principal do Educa \u2013 sem necessidade de login e senha para acesso.<\/p>\n\n\n\n<p>No dia 18 de abril de 1882, nascia o escritor Monteiro Lobato, considerado o pai da literatura infantil brasileira e \u00e9 por isso que a data ganhou um significado especial no Brasil com a institui\u00e7\u00e3o do Dia Nacional do Livro Infantil.<\/p>\n","protected":false},"excerpt":{"rendered":"<p>Semana em comemora\u00e7\u00e3o ao Dia Nacional do Livro Infantil, celebrado em 18 abril Neste domingo<\/p>\n","protected":false},"author":2,"featured_media":13111,"comment_status":"open","ping_status":"open","sticky":false,"template":"","format":"standard","meta":{"footnotes":""},"categories":[12],"tags":[],"class_list":["post-13110","post","type-post","status-publish","format-standard","has-post-thumbnail","hentry","category-cidade"],"_links":{"self":[{"href":"https:\/\/tvc16.com\/portal\/wp-json\/wp\/v2\/posts\/13110","targetHints":{"allow":["GET"]}}],"collection":[{"href":"https:\/\/tvc16.com\/portal\/wp-json\/wp\/v2\/posts"}],"about":[{"href":"https:\/\/tvc16.com\/portal\/wp-json\/wp\/v2\/types\/post"}],"author":[{"embeddable":true,"href":"https:\/\/tvc16.com\/portal\/wp-json\/wp\/v2\/users\/2"}],"replies":[{"embeddable":true,"href":"https:\/\/tvc16.com\/portal\/wp-json\/wp\/v2\/comments?post=13110"}],"version-history":[{"count":1,"href":"https:\/\/tvc16.com\/portal\/wp-json\/wp\/v2\/posts\/13110\/revisions"}],"predecessor-version":[{"id":13112,"href":"https:\/\/tvc16.com\/portal\/wp-json\/wp\/v2\/posts\/13110\/revisions\/13112"}],"wp:featuredmedia":[{"embeddable":true,"href":"https:\/\/tvc16.com\/portal\/wp-json\/wp\/v2\/media\/13111"}],"wp:attachment":[{"href":"https:\/\/tvc16.com\/portal\/wp-json\/wp\/v2\/media?parent=13110"}],"wp:term":[{"taxonomy":"category","embeddable":true,"href":"https:\/\/tvc16.com\/portal\/wp-json\/wp\/v2\/categories?post=13110"},{"taxonomy":"post_tag","embeddable":true,"href":"https:\/\/tvc16.com\/portal\/wp-json\/wp\/v2\/tags?post=13110"}],"curies":[{"name":"wp","href":"https:\/\/api.w.org\/{rel}","templated":true}]}}