{"id":13115,"date":"2021-04-19T18:06:20","date_gmt":"2021-04-19T21:06:20","guid":{"rendered":"https:\/\/tvc16.com\/portal\/?p=13115"},"modified":"2021-04-19T18:09:37","modified_gmt":"2021-04-19T21:09:37","slug":"em-petropolis-87-dos-idosos-vacinados-contra-a-covid-19-retornaram-para-a-2a-dose","status":"publish","type":"post","link":"https:\/\/tvc16.com\/portal\/2021\/04\/19\/em-petropolis-87-dos-idosos-vacinados-contra-a-covid-19-retornaram-para-a-2a-dose\/","title":{"rendered":"Em Petr\u00f3polis, 87% dos idosos vacinados contra a covid-19 retornaram para a 2\u00aa dose"},"content":{"rendered":"\n<p>Munic\u00edpio vai convocar quem perdeu o prazo<\/p>\n\n\n\n<p>Aplica\u00e7\u00e3o de 2\u00aa dose n\u00e3o requer agendamento, basta retornar ao ponto de vacina\u00e7\u00e3o<\/p>\n\n\n\n<p>Com o objetivo de garantir que o maior n\u00famero poss\u00edvel de idosos complete o ciclo de imuniza\u00e7\u00e3o contra a covid-19, recebendo a segunda dose da vacina contra a covid-19, a Secretaria de Sa\u00fade far\u00e1 a busca ativa para convocar os idosos que perderam o prazo estabelecido no dia em que receberam a primeira dose. Levantamento feito pelo Departamento de Epidemiologia mostra que quase 87% dos idosos vacinados contra a covid-19 compareceram para completar o ciclo de imuniza\u00e7\u00e3o, recebendo a segunda dose do imunizante dentro do prazo agendado pelas equipes de vacina\u00e7\u00e3o. Os 13% restantes, que somam 1.038 idosos (at\u00e9 a \u00faltima quinta-feira, dia 15), ser\u00e3o convocados para que se apresentem ao posto de vacina\u00e7\u00e3o.<\/p>\n\n\n\n<figure class=\"wp-block-image size-large\"><img loading=\"lazy\" decoding=\"async\" width=\"487\" height=\"1024\" src=\"https:\/\/tvc16.com\/portal\/wp-content\/uploads\/2021\/04\/WhatsApp-Image-2021-04-19-at-18.08.49-487x1024.jpeg\" alt=\"\" class=\"wp-image-13118\" srcset=\"https:\/\/tvc16.com\/portal\/wp-content\/uploads\/2021\/04\/WhatsApp-Image-2021-04-19-at-18.08.49-487x1024.jpeg 487w, https:\/\/tvc16.com\/portal\/wp-content\/uploads\/2021\/04\/WhatsApp-Image-2021-04-19-at-18.08.49-143x300.jpeg 143w, https:\/\/tvc16.com\/portal\/wp-content\/uploads\/2021\/04\/WhatsApp-Image-2021-04-19-at-18.08.49.jpeg 495w\" sizes=\"auto, (max-width: 487px) 100vw, 487px\" \/><\/figure>\n\n\n\n<p>\u201cEstamos com o percentual pr\u00f3ximo da meta de imuniza\u00e7\u00e3o estabelecida pelo Minist\u00e9rio da Sa\u00fade (90%), mas nossa inten\u00e7\u00e3o \u00e9 superar este n\u00famero e imunizar o maior n\u00famero poss\u00edvel de idosos\u201d, explica o prefeito interino, Hingo Hammes.<\/p>\n\n\n\n<p>Segundo o secret\u00e1rio de Sa\u00fade, Aloisio Barbosa da Silva Filho, a busca ativa dos idosos que n\u00e3o retornaram para tomar a segunda dose ser\u00e1 feita por equipes dos PSFs. \u201cA partir dos dados que temos no cadastro, faremos um mapeamento para localiz\u00e1-los. Vamos contar com as equipes de PSFs, que buscar\u00e3o esses idosos nas suas respectivas \u00e1reas\u201d, detalha.<\/p>\n\n\n\n<p>Levantamento feito pelo Setor de Epidemiologia aponta que, dentre os 7.933 idosos que j\u00e1 completaram o prazo para receber a segunda dose da vacina contra a covid-19, 6.895 seguiram as orienta\u00e7\u00f5es das equipes e compareceram espontaneamente aos pontos de vacina\u00e7\u00e3o para receber a segunda dose do imunizante, considerando os dados registrados at\u00e9 o \u00faltimo dia 15.<\/p>\n\n\n\n<p>N\u00e3o \u00e9 necess\u00e1rio fazer o cadastramento para receber a segunda dose da vacina<\/p>\n\n\n\n<p>A Secretaria de Sa\u00fade lembra que, para a aplica\u00e7\u00e3o da segunda dose, n\u00e3o \u00e9 necess\u00e1rio o preenchimento de cadastro. \u201cUm percentual grande de idosos est\u00e1 seguindo as orienta\u00e7\u00f5es e retornando para receber a segunda dose. Importante lembrar que neste caso, n\u00e3o \u00e9 preciso estar cadastrado. O agendamento \u00e9 feito no dia de aplica\u00e7\u00e3o da primeira dose e anotado no cart\u00e3o de vacina\u00e7\u00e3o. Basta que o idoso consulte o cart\u00e3o de vacina\u00e7\u00e3o e retorne na data marcada ao ponto onde recebeu a primeira dose da vacina\u201d, destaca o secret\u00e1rio de Sa\u00fade.<\/p>\n","protected":false},"excerpt":{"rendered":"<p>Munic\u00edpio vai convocar quem perdeu o prazo Aplica\u00e7\u00e3o de 2\u00aa dose n\u00e3o requer agendamento, basta<\/p>\n","protected":false},"author":2,"featured_media":13116,"comment_status":"open","ping_status":"open","sticky":false,"template":"","format":"standard","meta":{"footnotes":""},"categories":[12],"tags":[],"class_list":["post-13115","post","type-post","status-publish","format-standard","has-post-thumbnail","hentry","category-cidade"],"_links":{"self":[{"href":"https:\/\/tvc16.com\/portal\/wp-json\/wp\/v2\/posts\/13115","targetHints":{"allow":["GET"]}}],"collection":[{"href":"https:\/\/tvc16.com\/portal\/wp-json\/wp\/v2\/posts"}],"about":[{"href":"https:\/\/tvc16.com\/portal\/wp-json\/wp\/v2\/types\/post"}],"author":[{"embeddable":true,"href":"https:\/\/tvc16.com\/portal\/wp-json\/wp\/v2\/users\/2"}],"replies":[{"embeddable":true,"href":"https:\/\/tvc16.com\/portal\/wp-json\/wp\/v2\/comments?post=13115"}],"version-history":[{"count":2,"href":"https:\/\/tvc16.com\/portal\/wp-json\/wp\/v2\/posts\/13115\/revisions"}],"predecessor-version":[{"id":13119,"href":"https:\/\/tvc16.com\/portal\/wp-json\/wp\/v2\/posts\/13115\/revisions\/13119"}],"wp:featuredmedia":[{"embeddable":true,"href":"https:\/\/tvc16.com\/portal\/wp-json\/wp\/v2\/media\/13116"}],"wp:attachment":[{"href":"https:\/\/tvc16.com\/portal\/wp-json\/wp\/v2\/media?parent=13115"}],"wp:term":[{"taxonomy":"category","embeddable":true,"href":"https:\/\/tvc16.com\/portal\/wp-json\/wp\/v2\/categories?post=13115"},{"taxonomy":"post_tag","embeddable":true,"href":"https:\/\/tvc16.com\/portal\/wp-json\/wp\/v2\/tags?post=13115"}],"curies":[{"name":"wp","href":"https:\/\/api.w.org\/{rel}","templated":true}]}}