{"id":13120,"date":"2021-04-19T18:10:24","date_gmt":"2021-04-19T21:10:24","guid":{"rendered":"https:\/\/tvc16.com\/portal\/?p=13120"},"modified":"2021-04-19T18:10:26","modified_gmt":"2021-04-19T21:10:26","slug":"fiocruz-lanca-guia-para-mitigar-impacto-da-covid-em-grupos-vulneraveis","status":"publish","type":"post","link":"https:\/\/tvc16.com\/portal\/2021\/04\/19\/fiocruz-lanca-guia-para-mitigar-impacto-da-covid-em-grupos-vulneraveis\/","title":{"rendered":"Fiocruz lan\u00e7a guia para mitigar impacto da covid em grupos vulner\u00e1veis"},"content":{"rendered":"\n<h3 class=\"wp-block-heading\">Guia foi elaborado por pesquisadores do Observat\u00f3rio Covid-19<\/h3>\n\n\n\n<h4 class=\"wp-block-heading\">Por Vin\u00edcius Lisboa &#8211; Rep\u00f3rter da Ag\u00eancia Brasil &#8211; Rio de Janeiro<\/h4>\n\n\n\n<p>A Funda\u00e7\u00e3o Oswaldo Cruz (Fiocruz) lan\u00e7ou hoje (19), com apoio da Embaixada do Reino Unido, um guia com recomenda\u00e7\u00f5es para mitigar os efeitos da pandemia da covid-19 na popula\u00e7\u00e3o ind\u00edgena, nas favelas e na desigualdade de g\u00eanero.<img decoding=\"async\" src=\"https:\/\/agenciabrasil.ebc.com.br\/ebc.png?id=1407211&amp;o=node\"><img decoding=\"async\" src=\"https:\/\/agenciabrasil.ebc.com.br\/ebc.gif?id=1407211&amp;o=node\"><\/p>\n\n\n\n<p>O guia foi elaborado por pesquisadores do Observat\u00f3rio Covid-19 da Fiocruz, que ressaltam&nbsp; que &#8220;a pandemia tem mostrado de forma clara as grandes desigualdades que atingem a popula\u00e7\u00e3o brasileira em todos os n\u00edveis&#8221;.&nbsp;<\/p>\n\n\n\n<p>Denominado &#8220;A\u00e7\u00f5es e pol\u00edticas p\u00fablicas para conter a Covid-19 e seus impactos sociais&#8221;, o material \u00e9 apresentado como &#8220;um guia para gestores p\u00fablicos sobre melhores pr\u00e1ticas e iniciativas baseadas em evid\u00eancias para enfrentar a doen\u00e7a e seus efeitos nocivos sobre popula\u00e7\u00f5es marginalizadas durante e ap\u00f3s a pandemia&#8221;.&nbsp;<a href=\"https:\/\/impactosocialdacovid.fiocruz.br\/#section_00\" target=\"_blank\" rel=\"noreferrer noopener\">As orienta\u00e7\u00f5es podem ser acessadas na p\u00e1gina da Fiocruz<\/a>.<\/p>\n\n\n\n<h2 class=\"wp-block-heading\">Povos ind\u00edgenas&nbsp;<\/h2>\n\n\n\n<p>O lan\u00e7amento foi realizado na data em que \u00e9 comemorado o Dia do \u00cdndio, e alerta que a pandemia chegou aos povos ind\u00edgenas em um momento &#8220;de fragiliza\u00e7\u00e3o da pol\u00edtica de sa\u00fade ind\u00edgena&#8221;.&nbsp;<\/p>\n\n\n\n<p>&#8220;Agora h\u00e1 dois invasores contra os quais os ind\u00edgenas precisam lutar: os de sempre, que querem tomar seus territ\u00f3rios e, muitas vezes, se apropriar de sua m\u00e3o de obra, e o v\u00edrus&#8221;, diz o texto, que aponta subnotifica\u00e7\u00e3o dos registros de mortes de ind\u00edgenas por covid-19, j\u00e1 que, entre outros problemas, secretarias estaduais e municipais nem sempre informam a vari\u00e1vel cor ou ra\u00e7a nos atendimentos e notifica\u00e7\u00f5es.<\/p>\n\n\n\n<p>A an\u00e1lise referente aos povos ind\u00edgenas no guia \u00e9 resultado de um trabalho desenvolvido pelas pesquisadoras Ana L\u00facia Pontes e Daniela Alarcon, ambas da Escola Nacional de Sa\u00fade P\u00fablica (Ensp\/Fiocruz).&nbsp; Segundo dados do Comit\u00ea Nacional pela Vida e Mem\u00f3ria Ind\u00edgena, at\u00e9 a sexta-feira (16), a covid-19 fez 1.038 v\u00edtimas nos povos ind\u00edgenas, nos quais foram registrados mais de 52 mil casos.<\/p>\n\n\n\n<p>Entre os motivos que aumentam a vulnerabilidade dessa popula\u00e7\u00e3o \u00e0 covid-19 est\u00e1 o racismo, a invisibilidade e a elevada preval\u00eancia de desnutri\u00e7\u00e3o, anemia e doen\u00e7as infecciosas como mal\u00e1ria, tuberculose e hepatite B. Tamb\u00e9m t\u00eam sido mais frequentes nessa popula\u00e7\u00e3o doen\u00e7as cr\u00f4nicas como hipertens\u00e3o, diabetes e doen\u00e7as renais. A falta de acesso a saneamento b\u00e1sico e o compartilhamento de objetos de uso pessoal agravam a situa\u00e7\u00e3o, j\u00e1 que dificultam a ado\u00e7\u00e3o de medidas de preven\u00e7\u00e3o nas aldeias.&nbsp;<\/p>\n\n\n\n<p>Al\u00e9m dos \u00f3bitos, o guia destaca que os riscos impostos \u00e0 popula\u00e7\u00e3o idosa faz com que boa parte das v\u00edtimas nas comunidades seja de anci\u00e3os, que t\u00eam um papel central na transmiss\u00e3o da cultura das tribos. &#8220;Nesse sentido, \u00e9 como se a pandemia estivesse enterrando o passado desses povos junto com seus mortos, suas bibliotecas vivas. Suas mortes v\u00e3o muito al\u00e9m da trag\u00e9dia local e familiar&#8221;.<\/p>\n\n\n\n<p>O guia traz 13 recomenda\u00e7\u00f5es para reduzir a vulnerabilidade dos povos ind\u00edgenas \u00e0 pandemia. Entre elas est\u00e3o melhorar a qualidade da vigil\u00e2ncia da pandemia e a testagem; conter as invas\u00f5es e proteger os povos isolados e de recente contato; e fortalecer a aten\u00e7\u00e3o prim\u00e1ria nos Distritos Sanit\u00e1rios Especiais Ind\u00edgenas (DSEIs).&nbsp;<\/p>\n\n\n\n<p>O guia tamb\u00e9m pede que as autoridades ou\u00e7am os povos ind\u00edgenas e suas lideran\u00e7as. &#8220;Os conhecimentos locais s\u00e3o essenciais para identificar dificuldades e promover a\u00e7\u00f5es coordenadas que sejam eficientes localmente. Por isso, as comunidades, fam\u00edlias e lideran\u00e7as precisam participar&nbsp; em todas as etapas do processo de formula\u00e7\u00e3o e implementa\u00e7\u00e3o de qualquer a\u00e7\u00e3o de enfrentamento da doen\u00e7a&#8221;.<\/p>\n\n\n\n<p>Edi\u00e7\u00e3o: Fernando Fraga<\/p>\n","protected":false},"excerpt":{"rendered":"<p>Guia foi elaborado por pesquisadores do Observat\u00f3rio Covid-19 Por Vin\u00edcius Lisboa &#8211; Rep\u00f3rter da Ag\u00eancia<\/p>\n","protected":false},"author":2,"featured_media":13121,"comment_status":"open","ping_status":"open","sticky":false,"template":"","format":"standard","meta":{"footnotes":""},"categories":[17],"tags":[],"class_list":["post-13120","post","type-post","status-publish","format-standard","has-post-thumbnail","hentry","category-outras-noticias"],"_links":{"self":[{"href":"https:\/\/tvc16.com\/portal\/wp-json\/wp\/v2\/posts\/13120","targetHints":{"allow":["GET"]}}],"collection":[{"href":"https:\/\/tvc16.com\/portal\/wp-json\/wp\/v2\/posts"}],"about":[{"href":"https:\/\/tvc16.com\/portal\/wp-json\/wp\/v2\/types\/post"}],"author":[{"embeddable":true,"href":"https:\/\/tvc16.com\/portal\/wp-json\/wp\/v2\/users\/2"}],"replies":[{"embeddable":true,"href":"https:\/\/tvc16.com\/portal\/wp-json\/wp\/v2\/comments?post=13120"}],"version-history":[{"count":1,"href":"https:\/\/tvc16.com\/portal\/wp-json\/wp\/v2\/posts\/13120\/revisions"}],"predecessor-version":[{"id":13122,"href":"https:\/\/tvc16.com\/portal\/wp-json\/wp\/v2\/posts\/13120\/revisions\/13122"}],"wp:featuredmedia":[{"embeddable":true,"href":"https:\/\/tvc16.com\/portal\/wp-json\/wp\/v2\/media\/13121"}],"wp:attachment":[{"href":"https:\/\/tvc16.com\/portal\/wp-json\/wp\/v2\/media?parent=13120"}],"wp:term":[{"taxonomy":"category","embeddable":true,"href":"https:\/\/tvc16.com\/portal\/wp-json\/wp\/v2\/categories?post=13120"},{"taxonomy":"post_tag","embeddable":true,"href":"https:\/\/tvc16.com\/portal\/wp-json\/wp\/v2\/tags?post=13120"}],"curies":[{"name":"wp","href":"https:\/\/api.w.org\/{rel}","templated":true}]}}