{"id":13126,"date":"2021-04-19T18:12:35","date_gmt":"2021-04-19T21:12:35","guid":{"rendered":"https:\/\/tvc16.com\/portal\/?p=13126"},"modified":"2021-04-19T18:12:37","modified_gmt":"2021-04-19T21:12:37","slug":"governo-destinara-ate-r-15-bi-para-relancar-bem-e-pronampe","status":"publish","type":"post","link":"https:\/\/tvc16.com\/portal\/2021\/04\/19\/governo-destinara-ate-r-15-bi-para-relancar-bem-e-pronampe\/","title":{"rendered":"Governo destinar\u00e1 at\u00e9 R$ 15 bi para relan\u00e7ar BEm e Pronampe"},"content":{"rendered":"\n<h3 class=\"wp-block-heading\">Pasta aguarda aprova\u00e7\u00e3o de projeto que altera LDO<\/h3>\n\n\n\n<h4 class=\"wp-block-heading\">Por Wellton M\u00e1ximo \u2013 Rep\u00f3rter da Ag\u00eancia Brasil &#8211; Bras\u00edlia<\/h4>\n\n\n\n<p>O governo pretende destinar at\u00e9 R$ 15 bilh\u00f5es para ajudar micro e pequenas empresas afetadas pela retomada da pandemia de covid-19, anunciou o Minist\u00e9rio da Economia. A pasta aguarda a aprova\u00e7\u00e3o de projeto que flexibiliza a Lei de Diretrizes Or\u00e7ament\u00e1rias (LDO) de 2021, que dever\u00e1 ser votado ainda hoje (19).<img decoding=\"async\" src=\"https:\/\/agenciabrasil.ebc.com.br\/ebc.png?id=1407199&amp;o=node\"><img decoding=\"async\" src=\"https:\/\/agenciabrasil.ebc.com.br\/ebc.gif?id=1407199&amp;o=node\"><\/p>\n\n\n\n<p>Dos R$ 15 bilh\u00f5es, R$ 10 bilh\u00f5es iriam para o Benef\u00edcio Emergencial de Manuten\u00e7\u00e3o do Emprego e da Renda (BEm), que complementa a renda de empregados de empresas que reduzem jornadas ou suspendem contratos de trabalho em fun\u00e7\u00e3o da pandemia. Os R$ 5 bilh\u00f5es restantes iriam para o Programa Nacional de Apoio \u00e0s Microempresas e Empresas de Pequeno Porte (Pronampe), que financia pequenos neg\u00f3cios com juros baixos e regras simplificadas.<\/p>\n\n\n\n<p>O projeto que altera a LDO de 2021 retira um dispositivo que obrigaria o governo a compensar os dois programas tempor\u00e1rios com corte de despesas em outras \u00e1reas ou com aumento de tributos e de outras fontes de receita.<\/p>\n\n\n\n<p>As medidas de ajuda aos neg\u00f3cios de menor porte t\u00eam sido uma das reivindica\u00e7\u00f5es dos setores mais atingidos pela segunda onda da pandemia de covid-19. Segundo pesquisa da Associa\u00e7\u00e3o Brasileira de Bares e Restaurantes (Abrasel), 91% das empresas do segmento n\u00e3o conseguiram pagar integralmente as folhas salariais em abril.<\/p>\n\n\n\n<p>Edi\u00e7\u00e3o: Denise Griesinger<\/p>\n","protected":false},"excerpt":{"rendered":"<p>Pasta aguarda aprova\u00e7\u00e3o de projeto que altera LDO Por Wellton M\u00e1ximo \u2013 Rep\u00f3rter da Ag\u00eancia<\/p>\n","protected":false},"author":2,"featured_media":13127,"comment_status":"open","ping_status":"open","sticky":false,"template":"","format":"standard","meta":{"footnotes":""},"categories":[17],"tags":[],"class_list":["post-13126","post","type-post","status-publish","format-standard","has-post-thumbnail","hentry","category-outras-noticias"],"_links":{"self":[{"href":"https:\/\/tvc16.com\/portal\/wp-json\/wp\/v2\/posts\/13126","targetHints":{"allow":["GET"]}}],"collection":[{"href":"https:\/\/tvc16.com\/portal\/wp-json\/wp\/v2\/posts"}],"about":[{"href":"https:\/\/tvc16.com\/portal\/wp-json\/wp\/v2\/types\/post"}],"author":[{"embeddable":true,"href":"https:\/\/tvc16.com\/portal\/wp-json\/wp\/v2\/users\/2"}],"replies":[{"embeddable":true,"href":"https:\/\/tvc16.com\/portal\/wp-json\/wp\/v2\/comments?post=13126"}],"version-history":[{"count":1,"href":"https:\/\/tvc16.com\/portal\/wp-json\/wp\/v2\/posts\/13126\/revisions"}],"predecessor-version":[{"id":13128,"href":"https:\/\/tvc16.com\/portal\/wp-json\/wp\/v2\/posts\/13126\/revisions\/13128"}],"wp:featuredmedia":[{"embeddable":true,"href":"https:\/\/tvc16.com\/portal\/wp-json\/wp\/v2\/media\/13127"}],"wp:attachment":[{"href":"https:\/\/tvc16.com\/portal\/wp-json\/wp\/v2\/media?parent=13126"}],"wp:term":[{"taxonomy":"category","embeddable":true,"href":"https:\/\/tvc16.com\/portal\/wp-json\/wp\/v2\/categories?post=13126"},{"taxonomy":"post_tag","embeddable":true,"href":"https:\/\/tvc16.com\/portal\/wp-json\/wp\/v2\/tags?post=13126"}],"curies":[{"name":"wp","href":"https:\/\/api.w.org\/{rel}","templated":true}]}}