{"id":13129,"date":"2021-04-19T18:13:32","date_gmt":"2021-04-19T21:13:32","guid":{"rendered":"https:\/\/tvc16.com\/portal\/?p=13129"},"modified":"2021-04-19T18:13:34","modified_gmt":"2021-04-19T21:13:34","slug":"associacao-dos-ambulantes-de-petropolis-discute-credito-na-agerio","status":"publish","type":"post","link":"https:\/\/tvc16.com\/portal\/2021\/04\/19\/associacao-dos-ambulantes-de-petropolis-discute-credito-na-agerio\/","title":{"rendered":"Associa\u00e7\u00e3o dos Ambulantes de Petr\u00f3polis discute cr\u00e9dito na AgeRio"},"content":{"rendered":"\n<p><strong>Linhas de cr\u00e9dito foram tema da reuni\u00e3o com membros do governo do Estado e profissionais<\/strong><\/p>\n\n\n\n<p>As linhas de cr\u00e9dito ofertadas pela AgeRio para microempres\u00e1rios do setor<br>foram tema da reuni\u00e3o que aconteceu nesta segunda-feira, 19\/04, no Rio, com a participa\u00e7\u00e3o do presidente da Ag\u00eancia Estadual de Fomento Andr\u00e9 Vila Verde, o subsecret\u00e1rio de Estado de Cidades, Bernardo Rossi, o presidente da Associa\u00e7\u00e3o de Ambulantes de Petr\u00f3polis, Jo\u00e3o Firmino, e outros membros do segmento.<\/p>\n\n\n\n<p>O presidente da AgeRio, explicou a import\u00e2ncia do setor no desenvolvimento econ\u00f4mico das cidades, bem como a organiza\u00e7\u00e3o da entidade para dar aos ambulantes representatividade na busca de incentivos. A Ag\u00eancia tem como miss\u00e3o apoiar e ampliar a capacidade da recupera\u00e7\u00e3o da economia para empresas de todos os portes. A linha de cr\u00e9dito ofertada vai de R$ 500,00 a R$ 21 mil para neg\u00f3cios com faturamento anual de at\u00e9 R$ 360 mil. O empres\u00e1rio, para ter acesso ao cr\u00e9dito, deve realizar o cadastro de forma digital pelo site www.agerio.com.br.<\/p>\n\n\n\n<p>O subsecret\u00e1rio de Estado de Cidades, Bernardo Rossi, destacou a import\u00e2ncia que o cr\u00e9dito trar\u00e1 para o com\u00e9rcio de rua: \u201cQuando conheci as linhas da AgeRio, senti que os ambulantes precisavam ter informa\u00e7\u00f5es sobre como o apoio pode refor\u00e7ar a economia neste momento. Essa agenda \u00e9 uma reuni\u00e3o de trabalho onde eles v\u00e3o tirar d\u00favidas e saber o que precisam fazer para conseguirem um empr\u00e9stimo pela AgeRio\u201d.<\/p>\n\n\n\n<p>Andr\u00e9 refor\u00e7a o apoio da Ag\u00eancia juntamente com o Governo Estadual na retomada da economia dos munic\u00edpios: \u201cA AgeRio vem justamente aqui para ajudar nesse poder de recupera\u00e7\u00e3o que os empres\u00e1rios do estado est\u00e3o precisando devido ao momento. N\u00e3o tem nada igual no mercado em termos de financiamento que a AgeRio apresenta\u201d.<\/p>\n\n\n\n<p>O recurso pode ser usado para compra de equipamentos de material de consumo e capital de giro, que neste momento de pandemia teve uma reten\u00e7\u00e3o. A car\u00eancia para o in\u00edcio do pagamento \u00e9 de at\u00e9 12 meses, com prazo de quita\u00e7\u00e3o do empr\u00e9stimo de at\u00e9 24 meses, com taxa de 0,25% ao m\u00eas.<\/p>\n\n\n\n<p>Jo\u00e3o Firmino, presidente da Associa\u00e7\u00e3o, afirma que a reuni\u00e3o \u00e9 um ponto de in\u00edcio de relacionamento entre os profissionais e a AgeRio. &#8220;Esta aproxima\u00e7\u00e3o por meio do Bernardo at\u00e9 a ag\u00eancia pode dar um novo f\u00f4lego ao setor. Iremos ajudar os ambulantes a conseguirem o cr\u00e9dito e assim ampliar as oportunidades de neg\u00f3cio nestes tempos&#8221;.<\/p>\n","protected":false},"excerpt":{"rendered":"<p>Linhas de cr\u00e9dito foram tema da reuni\u00e3o com membros do governo do Estado e profissionais<\/p>\n","protected":false},"author":2,"featured_media":13130,"comment_status":"open","ping_status":"open","sticky":false,"template":"","format":"standard","meta":{"footnotes":""},"categories":[12],"tags":[],"class_list":["post-13129","post","type-post","status-publish","format-standard","has-post-thumbnail","hentry","category-cidade"],"_links":{"self":[{"href":"https:\/\/tvc16.com\/portal\/wp-json\/wp\/v2\/posts\/13129","targetHints":{"allow":["GET"]}}],"collection":[{"href":"https:\/\/tvc16.com\/portal\/wp-json\/wp\/v2\/posts"}],"about":[{"href":"https:\/\/tvc16.com\/portal\/wp-json\/wp\/v2\/types\/post"}],"author":[{"embeddable":true,"href":"https:\/\/tvc16.com\/portal\/wp-json\/wp\/v2\/users\/2"}],"replies":[{"embeddable":true,"href":"https:\/\/tvc16.com\/portal\/wp-json\/wp\/v2\/comments?post=13129"}],"version-history":[{"count":1,"href":"https:\/\/tvc16.com\/portal\/wp-json\/wp\/v2\/posts\/13129\/revisions"}],"predecessor-version":[{"id":13131,"href":"https:\/\/tvc16.com\/portal\/wp-json\/wp\/v2\/posts\/13129\/revisions\/13131"}],"wp:featuredmedia":[{"embeddable":true,"href":"https:\/\/tvc16.com\/portal\/wp-json\/wp\/v2\/media\/13130"}],"wp:attachment":[{"href":"https:\/\/tvc16.com\/portal\/wp-json\/wp\/v2\/media?parent=13129"}],"wp:term":[{"taxonomy":"category","embeddable":true,"href":"https:\/\/tvc16.com\/portal\/wp-json\/wp\/v2\/categories?post=13129"},{"taxonomy":"post_tag","embeddable":true,"href":"https:\/\/tvc16.com\/portal\/wp-json\/wp\/v2\/tags?post=13129"}],"curies":[{"name":"wp","href":"https:\/\/api.w.org\/{rel}","templated":true}]}}