{"id":13132,"date":"2021-04-19T18:14:33","date_gmt":"2021-04-19T21:14:33","guid":{"rendered":"https:\/\/tvc16.com\/portal\/?p=13132"},"modified":"2021-04-19T18:14:35","modified_gmt":"2021-04-19T21:14:35","slug":"festival-da-casa-do-choro-homenageia-musicos-ze-menezes-e-dominguinhos","status":"publish","type":"post","link":"https:\/\/tvc16.com\/portal\/2021\/04\/19\/festival-da-casa-do-choro-homenageia-musicos-ze-menezes-e-dominguinhos\/","title":{"rendered":"Festival da Casa do Choro homenageia m\u00fasicos Z\u00e9 Menezes e Dominguinhos"},"content":{"rendered":"\n<h3 class=\"wp-block-heading\">Evento oferece at\u00e9 dia 23 aulas, palestras e shows em formato digital<\/h3>\n\n\n\n<h4 class=\"wp-block-heading\">Por Alana Gandra \u2013 Rep\u00f3rter da Ag\u00eancia Brasil &#8211; Rio de Janeiro<\/h4>\n\n\n\n<p>Come\u00e7ou hoje (19) o 3\u00ba Festival da Casa do Choro, oferecendo ao p\u00fablico, em ambiente virtual inteiramente gratuito, a oportunidade de assistir a shows di\u00e1rios de grandes nomes deste g\u00eanero. O festival vai at\u00e9 sexta-feira (23), quando se comemora o Dia Nacional do Choro. A data \u00e9 a de nascimento do maestro, m\u00fasico, compositor e arranjador Alfredo da Rocha Vianna Filho, o Pixinguinha.<img decoding=\"async\" src=\"https:\/\/agenciabrasil.ebc.com.br\/ebc.png?id=1407200&amp;o=node\"><img decoding=\"async\" src=\"https:\/\/agenciabrasil.ebc.com.br\/ebc.gif?id=1407200&amp;o=node\"><\/p>\n\n\n\n<p>O festival re\u00fane m\u00fasicos como Luciana Rabello, Crist\u00f3v\u00e3o Bastos, Mauricio Carrilho, Jayme Vignoli, Rui Alvim, Pedro Arag\u00e3o e Paulo Arag\u00e3o. Os shows ser\u00e3o realizados sempre \u00e0s 21h, com transmiss\u00e3o pela plataforma Casa Do Choro Digital e no YouTube. Os homenageados na terceira edi\u00e7\u00e3o do festival s\u00e3o o compositor, maestro e multi-instumentista Z\u00e9 Menezes, que faria 100 anos neste ano, e o sanfoneiro Dominguinhos, que completaria 80 anos de idade.<\/p>\n\n\n\n<p>A parte da manh\u00e3 do festival foi reservada para aulas de instrumentos, que somam mais de 530 pessoas inscritas de n\u00edvel n\u00e3o iniciante em choro. Foi a \u00fanica parte do evento que teve inscri\u00e7\u00f5es pr\u00e9vias, j\u00e1 encerradas, para montagem das turmas. As demais atividades s\u00e3o abertas ao p\u00fablico em geral, informou \u00e0&nbsp;<strong>Ag\u00eancia Brasil&nbsp;<\/strong>a cavaquista e compositora Luciana Rabello, criadora do Instituto Casa do Choro (ICC), junto com o compositor, arranjador e violonista Mauricio Carrilho.<\/p>\n\n\n\n<h2 class=\"wp-block-heading\">Palestras<\/h2>\n\n\n\n<p>\u00c0 tarde, s\u00e3o dadas aulas, em formato de oficinas e palestras, por causa da pandemia de covid-19, sobre as principais orquestras e hist\u00f3ria da percuss\u00e3o, composi\u00e7\u00f5es e arranjos para juntar m\u00fasicos no choro. H\u00e1 tamb\u00e9m rodas de choro em formato virtual que s\u00e3o curiosas porque ningu\u00e9m pode tocar junto, mas as pessoas podem ouvir os m\u00fasicos tocarem, individualmente, disse Luciana. \u201c\u00c9 o que a gente est\u00e1 fazendo. Um bate-papo e convidados que v\u00e3o tocar e conversar com a gente.\u201d<\/p>\n\n\n\n<p>No festival, as rodas entram no Instagram da&nbsp;<a href=\"https:\/\/www.instagram.com\/casadochoro\/?hl=pt-br\" target=\"_blank\" rel=\"noreferrer noopener\">Casa do Choro<\/a>, com transmiss\u00e3o ao vivo. Segundo os organizadores do evento, o formato digital d\u00e1 \u00e0s apresenta\u00e7\u00f5es um alcance muito maior do que em qualquer edi\u00e7\u00e3o anterior. \u201cNossa programa\u00e7\u00e3o pode ser acompanhada de qualquer canto do mundo\u201d, afirmou o m\u00fasico Pedro Paulo Malta, apresentador das rodas de choro virtuais. O evento tem patroc\u00ednio dos governos federal e fluminense e da Secretaria de Estado de Cultura e Economia Criativa do Rio de Janeiro, por meio da Lei Aldir Blanc.<\/p>\n\n\n\n<p>Na terceira edi\u00e7\u00e3o, o festival destaca o trabalho da Casa do Choro Digital, por meio de uma plataforma de&nbsp;<em>streaming<\/em>&nbsp;(transmiss\u00e3o de dados pela internet, principalmente a\u00fadio e v\u00eddeo, sem necessidade de baixar o conte\u00fado) exclusiva e com grande acervo. Em breve, ser\u00e1 lan\u00e7ada a Choro Timeline, que \u00e9 uma linha do tempo virtual e interativa do g\u00eanero musical.<\/p>\n\n\n\n<h2 class=\"wp-block-heading\">Escola Port\u00e1til<\/h2>\n\n\n\n<p>No ano 2000, ao lado de Mauricio Carrilho, mestre no viol\u00e3o e sobrinho do flautista Altamiro Carrilho, e outros m\u00fasicos, Luciana Rabello criou a Escola Port\u00e1til de M\u00fasica (EPM), que acabou se tornando um curso de extens\u00e3o na gradua\u00e7\u00e3o em M\u00fasica da Universidade Federal do Estado do Rio de Janeiro (Unirio). Carrilho e Luciana s\u00e3o tamb\u00e9m idealizadores da gravadora Acari Records, especializada em choro. Entre os criadores da EPM, destacam-se ainda Celsinho Silva, \u00c1lvaro Carrilho e Pedro Amorim.<\/p>\n\n\n\n<p>Duas vezes por ano, s\u00e3o abertas inscri\u00e7\u00f5es para as aulas da EPM da Casa do Choro. \u201cA Escola Port\u00e1til de M\u00fasica atende alunos de todos os n\u00edveis. Quem nunca tocou um instrumento; quem tem n\u00edvel intermedi\u00e1rio, toca, mas n\u00e3o toca bem como gostaria; e tamb\u00e9m o n\u00edvel profissional, porque a escola acaba atendendo m\u00fasicos de outras linguagens e estilos, que querem, ou conhecer mais profundamente, ou imergir em um estudo mais longo sobre o choro\u201d, disse Luciana.<\/p>\n\n\n\n<p>O corpo docente da EPM \u00e9 formado por grandes nomes como Crist\u00f3v\u00e3o Bastos, Paulo Arag\u00e3o, Jayme Vignoli, Amelia Rabello, Rui Alvim e Bia Paes Leme. Em 21 anos de exist\u00eancia, mais de 20 mil pessoas passaram pelos bancos da escola. Com a chancela de entidade de utilidade p\u00fablica recebida em 2016 (Lei 7288), o Instituto Casa do Choro j\u00e1 recebeu o Pr\u00eamio de Cultura do Estado do Rio de Janeiro e foi tema de estudo de teses de mestrado e doutorado no Brasil e no exterior.<\/p>\n\n\n\n<p>Edi\u00e7\u00e3o: N\u00e1dia Franco<\/p>\n","protected":false},"excerpt":{"rendered":"<p>Evento oferece at\u00e9 dia 23 aulas, palestras e shows em formato digital Por Alana Gandra<\/p>\n","protected":false},"author":2,"featured_media":13133,"comment_status":"open","ping_status":"open","sticky":false,"template":"","format":"standard","meta":{"footnotes":""},"categories":[17],"tags":[],"class_list":["post-13132","post","type-post","status-publish","format-standard","has-post-thumbnail","hentry","category-outras-noticias"],"_links":{"self":[{"href":"https:\/\/tvc16.com\/portal\/wp-json\/wp\/v2\/posts\/13132","targetHints":{"allow":["GET"]}}],"collection":[{"href":"https:\/\/tvc16.com\/portal\/wp-json\/wp\/v2\/posts"}],"about":[{"href":"https:\/\/tvc16.com\/portal\/wp-json\/wp\/v2\/types\/post"}],"author":[{"embeddable":true,"href":"https:\/\/tvc16.com\/portal\/wp-json\/wp\/v2\/users\/2"}],"replies":[{"embeddable":true,"href":"https:\/\/tvc16.com\/portal\/wp-json\/wp\/v2\/comments?post=13132"}],"version-history":[{"count":1,"href":"https:\/\/tvc16.com\/portal\/wp-json\/wp\/v2\/posts\/13132\/revisions"}],"predecessor-version":[{"id":13134,"href":"https:\/\/tvc16.com\/portal\/wp-json\/wp\/v2\/posts\/13132\/revisions\/13134"}],"wp:featuredmedia":[{"embeddable":true,"href":"https:\/\/tvc16.com\/portal\/wp-json\/wp\/v2\/media\/13133"}],"wp:attachment":[{"href":"https:\/\/tvc16.com\/portal\/wp-json\/wp\/v2\/media?parent=13132"}],"wp:term":[{"taxonomy":"category","embeddable":true,"href":"https:\/\/tvc16.com\/portal\/wp-json\/wp\/v2\/categories?post=13132"},{"taxonomy":"post_tag","embeddable":true,"href":"https:\/\/tvc16.com\/portal\/wp-json\/wp\/v2\/tags?post=13132"}],"curies":[{"name":"wp","href":"https:\/\/api.w.org\/{rel}","templated":true}]}}