{"id":13141,"date":"2021-04-19T18:17:09","date_gmt":"2021-04-19T21:17:09","guid":{"rendered":"https:\/\/tvc16.com\/portal\/?p=13141"},"modified":"2021-04-19T18:17:11","modified_gmt":"2021-04-19T21:17:11","slug":"musica-carinhoso-e-a-mais-regravada-no-pais-revela-ecad","status":"publish","type":"post","link":"https:\/\/tvc16.com\/portal\/2021\/04\/19\/musica-carinhoso-e-a-mais-regravada-no-pais-revela-ecad\/","title":{"rendered":"M\u00fasica Carinhoso \u00e9 a mais regravada no pa\u00eds, revela Ecad"},"content":{"rendered":"\n<h3 class=\"wp-block-heading\">Carinhoso, de Pixinguinha e Braguinha, superou Aquarela do Brasil<\/h3>\n\n\n\n<ul class=\"wp-block-list\"><li>Por Alana Gandra &#8211; Rep\u00f3rter da Ag\u00eancia Brasil &#8211; Rio de Janeiro<\/li><\/ul>\n\n\n\n<p>Novo levantamento efetuado pelo Escrit\u00f3rio Central de Arrecada\u00e7\u00e3o e Distribui\u00e7\u00e3o (Ecad) revela mudan\u00e7a na lideran\u00e7a do&nbsp;<em>ranking<\/em>&nbsp;das m\u00fasicas brasileiras mais regravadas no pa\u00eds. A can\u00e7\u00e3o&nbsp;<em>Carinhoso,<\/em>&nbsp;de Pixinguinha e Braguinha, superou&nbsp;<em>Aquarela do Brasil<\/em>, de Ary Barroso.<img decoding=\"async\" src=\"https:\/\/agenciabrasil.ebc.com.br\/ebc.png?id=1407207&amp;o=node\"><img decoding=\"async\" src=\"https:\/\/agenciabrasil.ebc.com.br\/ebc.gif?id=1407207&amp;o=node\"><\/p>\n\n\n\n<p>De acordo com a pesquisa,&nbsp;<em>Carinhoso<\/em>&nbsp;tem, no momento, 411 grava\u00e7\u00f5es cadastradas no banco de dados do Ecad, considerado um dos maiores da Am\u00e9rica Latina, e \u00e9 a m\u00fasica mais escolhida por int\u00e9rpretes de todo o pa\u00eds.&nbsp;<em>Aquarela do Brasil<\/em>&nbsp;tem 409 e ocupa a segunda posi\u00e7\u00e3o no&nbsp;<em>ranking<\/em>. Em setembro de 2020, as duas m\u00fasicas lideravam a lista das mais gravadas, com 404 grava\u00e7\u00f5es cada.<\/p>\n\n\n\n<p>Na lista das cinco primeiras colocadas aparecem tamb\u00e9m&nbsp;<em>Garota de Ipanema<\/em>, de Tom Jobim e Vinicius de Moraes (402 grava\u00e7\u00f5es),&nbsp;<em>Asa branca<\/em>, de Humberto Teixeira e Gonzag\u00e3o (316 grava\u00e7\u00f5es), e&nbsp;<em>Manh\u00e3 de carnaval<\/em>, de Luiz Bonf\u00e1 e Ant\u00f4nio Maria (290 grava\u00e7\u00f5es).<\/p>\n\n\n\n<p>Entre as 15 primeiras m\u00fasicas do&nbsp;<em>ranking<\/em>, oito s\u00e3o de autoria do compositor Tom Jobim: al\u00e9m de&nbsp;<em>Garota de Ipanema<\/em>, aparecem&nbsp;<em>Eu sei que vou te amar<\/em>,&nbsp;<em>Corcovado,<\/em>&nbsp;<em>Wave<\/em>,&nbsp;<em>Chega de Saudade<\/em>&nbsp;<em>Desafinado<\/em>, I<em>nsensatez<\/em>&nbsp;e&nbsp;<em>A felicidade<\/em>.<\/p>\n\n\n\n<p><em>Ranking&nbsp;<\/em>das 15 m\u00fasicas brasileiras mais gravadas no pa\u00eds:<\/p>\n\n\n\n<figure class=\"wp-block-image\"><img decoding=\"async\" src=\"https:\/\/imagens.ebc.com.br\/KToo74G_jUls1seg-11g__ak1Ys=\/754x0\/smart\/https:\/\/agenciabrasil.ebc.com.br\/sites\/default\/files\/thumbnails\/image\/musicas_mais_tocadas.png?itok=GYKIPHqt\" alt=\"Ranking das 15 m\u00fasicas brasileiras mais gravadas no pa\u00eds, segundo o ECAD.\" title=\"Divulga\u00e7\u00e3o\/ECAD\"\/><\/figure>\n\n\n\n<p>Ranking das 15 m\u00fasicas brasileiras mais gravadas no pa\u00eds, segundo o ECAD. &#8211;&nbsp;<strong>Divulga\u00e7\u00e3o\/ECAD<\/strong><\/p>\n\n\n\n<p>Edi\u00e7\u00e3o: Val\u00e9ria Aguiar<\/p>\n","protected":false},"excerpt":{"rendered":"<p>Carinhoso, de Pixinguinha e Braguinha, superou Aquarela do Brasil Por Alana Gandra &#8211; Rep\u00f3rter da<\/p>\n","protected":false},"author":2,"featured_media":13142,"comment_status":"open","ping_status":"open","sticky":false,"template":"","format":"standard","meta":{"footnotes":""},"categories":[17],"tags":[],"class_list":["post-13141","post","type-post","status-publish","format-standard","has-post-thumbnail","hentry","category-outras-noticias"],"_links":{"self":[{"href":"https:\/\/tvc16.com\/portal\/wp-json\/wp\/v2\/posts\/13141","targetHints":{"allow":["GET"]}}],"collection":[{"href":"https:\/\/tvc16.com\/portal\/wp-json\/wp\/v2\/posts"}],"about":[{"href":"https:\/\/tvc16.com\/portal\/wp-json\/wp\/v2\/types\/post"}],"author":[{"embeddable":true,"href":"https:\/\/tvc16.com\/portal\/wp-json\/wp\/v2\/users\/2"}],"replies":[{"embeddable":true,"href":"https:\/\/tvc16.com\/portal\/wp-json\/wp\/v2\/comments?post=13141"}],"version-history":[{"count":1,"href":"https:\/\/tvc16.com\/portal\/wp-json\/wp\/v2\/posts\/13141\/revisions"}],"predecessor-version":[{"id":13143,"href":"https:\/\/tvc16.com\/portal\/wp-json\/wp\/v2\/posts\/13141\/revisions\/13143"}],"wp:featuredmedia":[{"embeddable":true,"href":"https:\/\/tvc16.com\/portal\/wp-json\/wp\/v2\/media\/13142"}],"wp:attachment":[{"href":"https:\/\/tvc16.com\/portal\/wp-json\/wp\/v2\/media?parent=13141"}],"wp:term":[{"taxonomy":"category","embeddable":true,"href":"https:\/\/tvc16.com\/portal\/wp-json\/wp\/v2\/categories?post=13141"},{"taxonomy":"post_tag","embeddable":true,"href":"https:\/\/tvc16.com\/portal\/wp-json\/wp\/v2\/tags?post=13141"}],"curies":[{"name":"wp","href":"https:\/\/api.w.org\/{rel}","templated":true}]}}