{"id":13144,"date":"2021-04-19T18:17:58","date_gmt":"2021-04-19T21:17:58","guid":{"rendered":"https:\/\/tvc16.com\/portal\/?p=13144"},"modified":"2021-04-19T18:18:00","modified_gmt":"2021-04-19T21:18:00","slug":"apos-uma-semana-vacinacao-contra-gripe-atinge-18-do-publico-alvo","status":"publish","type":"post","link":"https:\/\/tvc16.com\/portal\/2021\/04\/19\/apos-uma-semana-vacinacao-contra-gripe-atinge-18-do-publico-alvo\/","title":{"rendered":"Ap\u00f3s uma semana, vacina\u00e7\u00e3o contra gripe atinge 1,8% do p\u00fablico-alvo"},"content":{"rendered":"\n<h3 class=\"wp-block-heading\">Foram aplicadas at\u00e9 agora 1,4 milh\u00e3o de doses da vacina<\/h3>\n\n\n\n<h4 class=\"wp-block-heading\">Por Jonas Valente \u2013 Rep\u00f3rter Ag\u00eancia Brasil &#8211; Bras\u00edlia<\/h4>\n\n\n\n<p>Uma semana depois do in\u00edcio da campanha nacional de vacina\u00e7\u00e3o contra a gripe, foram aplicadas at\u00e9 agora 1,4 milh\u00e3o de doses. Isso representa 1,8% do p\u00fablico-alvo definido, que abarca 79,7 milh\u00f5es de pessoas. Dividida em tr\u00eas etapas, a campanha come\u00e7ou no dia 12 deste m\u00eas e vai at\u00e9 9 de julho.<img decoding=\"async\" src=\"https:\/\/agenciabrasil.ebc.com.br\/ebc.png?id=1407201&amp;o=node\"><img decoding=\"async\" src=\"https:\/\/agenciabrasil.ebc.com.br\/ebc.gif?id=1407201&amp;o=node\"><\/p>\n\n\n\n<p>As informa\u00e7\u00f5es s\u00e3o disponibilizadas em um<a href=\"https:\/\/qsprod.saude.gov.br\/extensions\/Influenza_2021\/Influenza_2021.html\" target=\"_blank\" rel=\"noreferrer noopener\">painel pr\u00f3prio&nbsp;<\/a>do Minist\u00e9rio da Sa\u00fade, que pode ser acessado por meio do&nbsp;<em>site<\/em>&nbsp;da pasta.<\/p>\n\n\n\n<p>At\u00e9 agora, a regi\u00e3o que mais vacinou foi o Sudeste, com 607 mil doses aplicadas. Aparecem em seguida, as regi\u00f5es Sul (383 mil), Nordeste (275,6 mil), Centro-Oeste (121,3 mil) e Norte (50 mil).<\/p>\n\n\n\n<p>O&nbsp;<em>ranking<\/em>&nbsp;dos estados que mais aplicaram vacinas \u00e9 liderado por S\u00e3o Paulo (364,2 mil), Minas Gerais (198,2 mil), Paran\u00e1 (158,2 mil) e Rio Grande do Sul (144,9 mil).<\/p>\n\n\n\n<p>Quando considerada a cobertura vacinal \u2013 que toma a vacina\u00e7\u00e3o pela popula\u00e7\u00e3o \u2013 os estados com os maiores \u00edndices s\u00e3o Paran\u00e1 (3,5%), Santa Catarina (2,9%), Rio Grande do Sul (2,9%), Esp\u00edrito Santo (2,8%) e Mato Grosso do Sul (2,6%).<\/p>\n\n\n\n<p>Entre os grupos priorit\u00e1rios, as crian\u00e7as receberam 981,9 mil doses, os trabalhadores da sa\u00fade, 259,8 mil, e as gestantes, 142,1 mil.<\/p>\n\n\n\n<h2 class=\"wp-block-heading\">Grupos priorit\u00e1rios<\/h2>\n\n\n\n<p>Os grupos s\u00e3o organizados para vacina\u00e7\u00e3o em tr\u00eas etapas, e os dias de mobiliza\u00e7\u00e3o, chamados de dias D, definidos em cada munic\u00edpio pela Secretaria de Sa\u00fade local.<\/p>\n\n\n\n<p>Os grupos priorit\u00e1rios s\u00e3o:<\/p>\n\n\n\n<p>&#8211; Crian\u00e7as de 6 meses a menores de 6 anos;<\/p>\n\n\n\n<p>&#8211; Gestantes;<\/p>\n\n\n\n<p>&#8211; Pu\u00e9rperas;<\/p>\n\n\n\n<p>&#8211; Povos ind\u00edgenas;<\/p>\n\n\n\n<p>&#8211; Trabalhadores de sa\u00fade;<\/p>\n\n\n\n<p>&#8211; Pessoas com 60 anos ou mais;<\/p>\n\n\n\n<p>&#8211; Professores;<\/p>\n\n\n\n<p>&#8211; Portadores de doen\u00e7as cr\u00f4nicas n\u00e3o transmiss\u00edveis;<\/p>\n\n\n\n<p>&#8211; Pessoas com defici\u00eancia permanente;<\/p>\n\n\n\n<p>&#8211; For\u00e7as de seguran\u00e7a, de salvamento e armadas;<\/p>\n\n\n\n<p>&#8211; Caminhoneiros;<\/p>\n\n\n\n<p>&#8211; Trabalhadores do transporte coletivo de passageiros;<\/p>\n\n\n\n<p>&#8211; Funcion\u00e1rios trabalhando em pris\u00f5es e unidades de interna\u00e7\u00e3o;<\/p>\n\n\n\n<p>&#8211; Adolescentes cumprindo medidas socioeducativas em unidades de interna\u00e7\u00e3o;<\/p>\n\n\n\n<p>&#8211; Popula\u00e7\u00e3o privada de liberdade.<\/p>\n\n\n\n<h2 class=\"wp-block-heading\">Covid-19<\/h2>\n\n\n\n<p>O Minist\u00e9rio da Sa\u00fade n\u00e3o recomenda que sejam aplicadas conjuntamente as vacinas contra a covid-19 e contra a influenza.<\/p>\n\n\n\n<p>A pasta recomenda que as pessoas que estiverem nos grupos priorit\u00e1rios procurem se vacinar antes contra a covid-19. Segundo especialistas, \u00e9 aconselh\u00e1vel uma diferen\u00e7a de pelo menos 14 dias entre uma vacina e outra.<\/p>\n\n\n\n<p>Edi\u00e7\u00e3o: N\u00e1dia Franco<\/p>\n","protected":false},"excerpt":{"rendered":"<p>Foram aplicadas at\u00e9 agora 1,4 milh\u00e3o de doses da vacina Por Jonas Valente \u2013 Rep\u00f3rter<\/p>\n","protected":false},"author":2,"featured_media":13145,"comment_status":"open","ping_status":"open","sticky":false,"template":"","format":"standard","meta":{"footnotes":""},"categories":[17],"tags":[],"class_list":["post-13144","post","type-post","status-publish","format-standard","has-post-thumbnail","hentry","category-outras-noticias"],"_links":{"self":[{"href":"https:\/\/tvc16.com\/portal\/wp-json\/wp\/v2\/posts\/13144","targetHints":{"allow":["GET"]}}],"collection":[{"href":"https:\/\/tvc16.com\/portal\/wp-json\/wp\/v2\/posts"}],"about":[{"href":"https:\/\/tvc16.com\/portal\/wp-json\/wp\/v2\/types\/post"}],"author":[{"embeddable":true,"href":"https:\/\/tvc16.com\/portal\/wp-json\/wp\/v2\/users\/2"}],"replies":[{"embeddable":true,"href":"https:\/\/tvc16.com\/portal\/wp-json\/wp\/v2\/comments?post=13144"}],"version-history":[{"count":1,"href":"https:\/\/tvc16.com\/portal\/wp-json\/wp\/v2\/posts\/13144\/revisions"}],"predecessor-version":[{"id":13146,"href":"https:\/\/tvc16.com\/portal\/wp-json\/wp\/v2\/posts\/13144\/revisions\/13146"}],"wp:featuredmedia":[{"embeddable":true,"href":"https:\/\/tvc16.com\/portal\/wp-json\/wp\/v2\/media\/13145"}],"wp:attachment":[{"href":"https:\/\/tvc16.com\/portal\/wp-json\/wp\/v2\/media?parent=13144"}],"wp:term":[{"taxonomy":"category","embeddable":true,"href":"https:\/\/tvc16.com\/portal\/wp-json\/wp\/v2\/categories?post=13144"},{"taxonomy":"post_tag","embeddable":true,"href":"https:\/\/tvc16.com\/portal\/wp-json\/wp\/v2\/tags?post=13144"}],"curies":[{"name":"wp","href":"https:\/\/api.w.org\/{rel}","templated":true}]}}