{"id":13147,"date":"2021-04-19T18:18:40","date_gmt":"2021-04-19T21:18:40","guid":{"rendered":"https:\/\/tvc16.com\/portal\/?p=13147"},"modified":"2021-04-19T18:18:42","modified_gmt":"2021-04-19T21:18:42","slug":"em-seminario-do-mpf-entidades-debatem-mineracao-em-terras-indigenas","status":"publish","type":"post","link":"https:\/\/tvc16.com\/portal\/2021\/04\/19\/em-seminario-do-mpf-entidades-debatem-mineracao-em-terras-indigenas\/","title":{"rendered":"Em semin\u00e1rio do MPF, entidades debatem minera\u00e7\u00e3o em terras ind\u00edgenas"},"content":{"rendered":"\n<h3 class=\"wp-block-heading\">Evento teve participa\u00e7\u00e3o de procuradores, ind\u00edgenas e especialistas<\/h3>\n\n\n\n<h4 class=\"wp-block-heading\">Por Ag\u00eancia Brasil &#8211; Bras\u00edlia<\/h4>\n\n\n\n<p>O Minist\u00e9rio P\u00fablico Federal (MPF) promoveu hoje (19), Dia Nacional de Luta dos Povos Ind\u00edgenas, um semin\u00e1rio online para debater os riscos envolvidos na minera\u00e7\u00e3o em terras ind\u00edgenas e a nova regulamenta\u00e7\u00e3o proposta para a atividade. O projeto de lei&nbsp;foi apresentado no ano passado ao Congresso pelo governo federal (<a href=\"https:\/\/www.camara.leg.br\/propostas-legislativas\/2236765\" target=\"_blank\" rel=\"noreferrer noopener\">Projeto de Lei 191\/2020<\/a>).<img decoding=\"async\" src=\"https:\/\/agenciabrasil.ebc.com.br\/ebc.png?id=1407196&amp;o=node\"><img decoding=\"async\" src=\"https:\/\/agenciabrasil.ebc.com.br\/ebc.gif?id=1407196&amp;o=node\"><\/p>\n\n\n\n<p>O evento foi organizado pela C\u00e2mara de Popula\u00e7\u00f5es Ind\u00edgenas e Comunidades Tradicionais do MPF, cuja titular \u00e9 a subprocuradora-geral da Rep\u00fablica Eliana Torelly. Em junho do ano passado, ela assinou uma&nbsp;<a href=\"http:\/\/www.mpf.mp.br\/pgr\/documentos\/6ccr_notapl_mineracao.pdf\" target=\"_blank\" rel=\"noreferrer noopener\">nota t\u00e9cnica<\/a>&nbsp;recomendando ao Congresso a rejei\u00e7\u00e3o do projeto, que em sua vis\u00e3o \u00e9 contr\u00e1rio aos direitos constitucionais dos ind\u00edgenas.<\/p>\n\n\n\n<p>Todos os participantes do semin\u00e1rio se posicionaram contr\u00e1rios a uma nova regulamenta\u00e7\u00e3o para explora\u00e7\u00e3o mineral em terras ind\u00edgenas.&nbsp;Um dos palestrantes, o procurador da Rep\u00fablica Luiz de Cam\u00f5es Lima Boaventura destacou que o projeto, no entender do MPF, viola a Constitui\u00e7\u00e3o ao n\u00e3o prever que cabe aos ind\u00edgenas o usufruto exclusivo das riquezas do solo, entre outros pontos.<br>&nbsp;<br>Para ele, o projeto pode aumentar os garimpos ilegais na Amaz\u00f4nia brasileira, por sinalizar uma poss\u00edvel regulamenta\u00e7\u00e3o da atividade.&nbsp;O procurador mencionou tamb\u00e9m que investiga\u00e7\u00f5es do MPF apontam o aliciamento de ind\u00edgenas por garimpeiros para que participem de atos em apoio ao projeto. \u201cEsse di\u00e1logo n\u00e3o pode ser selecionado com ind\u00edgenas envolvidas com o garimpo\u201d, disse.<\/p>\n\n\n\n<h2 class=\"wp-block-heading\">Lideran\u00e7as<\/h2>\n\n\n\n<p>A l\u00edder ind\u00edgena Sonia Guajajara&nbsp;disse no encontro que interessados na aprova\u00e7\u00e3o da lei \u201cpromovem conflito entre os ind\u00edgenas\u201d, mas que a estrat\u00e9gia n\u00e3o deve funcionar, em sua avalia\u00e7\u00e3o, devido \u00e0 atua\u00e7\u00e3o de diversas lideran\u00e7as e \u00e0 experi\u00eancia que os pr\u00f3prios povos ind\u00edgenas j\u00e1 t\u00eam com o garimpo e a minera\u00e7\u00e3o. &#8220;A gente j\u00e1 sabe bem que destr\u00f3i n\u00e3o s\u00f3 o meio ambiente como o modo de vida das pessoas, sem contar a contamina\u00e7\u00e3o das \u00e1guas\u201d, afirmou ela.<\/p>\n\n\n\n<p>Outro palestrante no evento foi Davi Kopenawa, lideran\u00e7a yanomami que h\u00e1 d\u00e9cadas luta contra a presen\u00e7a de garimpeiros em terras ind\u00edgenas. \u201cN\u00e3o queremos minera\u00e7\u00e3o em terra yanomami\u201d, resumiu ele.<\/p>\n\n\n\n<p>Em nome do Instituto Socioambiental (ISA), que atua em defesa dos direitos dos povos ind\u00edgenas, Mauro Santilli frisou que a Constitui\u00e7\u00e3o prev\u00ea a autoriza\u00e7\u00e3o pelo Congresso de cada empreendimento mineral em terra ind\u00edgena, e que flexibilizar isso \u201cpode ser um quadro tr\u00e1gico para o futuro\u201d.<\/p>\n\n\n\n<h2 class=\"wp-block-heading\">Sa\u00fade<\/h2>\n\n\n\n<p>O m\u00e9dico e pesquisador Erick Jenning, que h\u00e1 d\u00e9cadas atua na aten\u00e7\u00e3o de sa\u00fade aos povos ind\u00edgenas por meio da Secretaria de Sa\u00fade Ind\u00edgena (Sesai), do Minist\u00e9rio da Sa\u00fade, apresentou dados a respeito do impacto das atividades de minera\u00e7\u00e3o sobre a sa\u00fade dos povos ind\u00edgenas da Amaz\u00f4nia.<\/p>\n\n\n\n<p>Num estudo que, em 2019, mediu o n\u00edvel de merc\u00fario em 109 ind\u00edgenas munduruku do Vale do Rio Tapaj\u00f3s, por exemplo, foi constatado&nbsp;que 108 deles apresentavam no organismo n\u00edveis do metal acima do recomendado pela Organiza\u00e7\u00e3o Mundial da Sa\u00fade (OMS), alguns 15 vezes mais.<\/p>\n\n\n\n<p>Ap\u00f3s examinar integrantes de comunidades \u00e0s margens de cinco diferentes rios, inclusive afluentes sem hist\u00f3rico de garimpo, o estudo concluiu que \u201c\u00e1reas com maior hist\u00f3rico de garimpagem apresentam maior incid\u00eancia de queixas neurol\u00f3gicas\u201d, disse o pesquisador, que \u00e9 tamb\u00e9m neurocirurgi\u00e3o.<\/p>\n\n\n\n<p>Ele avaliou que ampliar a possibilidade de minera\u00e7\u00e3o em terra ind\u00edgena pode causar uma nova sobrecarga sobre o subsistema de sa\u00fade ind\u00edgena. \u201cAcho que o pa\u00eds n\u00e3o est\u00e1 pronto, nosso subsistema de sa\u00fade n\u00e3o est\u00e1 pronto para segurar todo esse passivo que vai ser\u201d, disse.<\/p>\n\n\n\n<h2 class=\"wp-block-heading\">Funai<\/h2>\n\n\n\n<p>O projeto de lei que trata da minera\u00e7\u00e3o em terras ind\u00edgenas foi elaborado por um grupo de trabalho coordenado pela Casa Civil da Presid\u00eancia da Rep\u00fablica em parceria com minist\u00e9rios, como o de Minas e Energia. No caso de explora\u00e7\u00e3o de garimpo por n\u00e3o ind\u00edgena, o texto estabelece que dever\u00e1 haver o consentimento pr\u00e9vio da comunidade.<\/p>\n\n\n\n<p>Em entrevista \u00e0&nbsp;<strong>TV Brasil<\/strong>, o presidente da Funda\u00e7\u00e3o Nacional do \u00cdndio (Funai), Marcelo Xavier, destacou a import\u00e2ncia da autonomia dos povos ind\u00edgenas. \u201cA nova Funai entende que \u00e9 atrav\u00e9s do etnodesenvolvimento e auferi\u00e7\u00e3o de renda que n\u00f3s podemos levar dignidade \u00e0s comunidades ind\u00edgenas\u201d, disse. \u201cO ind\u00edgena tem que ser o protagonista da pr\u00f3pria hist\u00f3ria, a Funai entende que o ind\u00edgena \u00e9 que tem que dizer se aceita ou n\u00e3o determinada forma de se conduzir, afinal de contas ele tem usufruto exclusivo da sua \u00e1rea. Ent\u00e3o quem tem que dizer o que faz ou deixa de fazer nesta \u00e1rea \u00e9 o pr\u00f3prio ind\u00edgena\u201d, completou Marcelo Xavier.<\/p>\n\n\n\n<p>Edi\u00e7\u00e3o: Val\u00e9ria Aguiar<\/p>\n","protected":false},"excerpt":{"rendered":"<p>Evento teve participa\u00e7\u00e3o de procuradores, ind\u00edgenas e especialistas Por Ag\u00eancia Brasil &#8211; Bras\u00edlia O Minist\u00e9rio<\/p>\n","protected":false},"author":2,"featured_media":13148,"comment_status":"open","ping_status":"open","sticky":false,"template":"","format":"standard","meta":{"footnotes":""},"categories":[17],"tags":[],"class_list":["post-13147","post","type-post","status-publish","format-standard","has-post-thumbnail","hentry","category-outras-noticias"],"_links":{"self":[{"href":"https:\/\/tvc16.com\/portal\/wp-json\/wp\/v2\/posts\/13147","targetHints":{"allow":["GET"]}}],"collection":[{"href":"https:\/\/tvc16.com\/portal\/wp-json\/wp\/v2\/posts"}],"about":[{"href":"https:\/\/tvc16.com\/portal\/wp-json\/wp\/v2\/types\/post"}],"author":[{"embeddable":true,"href":"https:\/\/tvc16.com\/portal\/wp-json\/wp\/v2\/users\/2"}],"replies":[{"embeddable":true,"href":"https:\/\/tvc16.com\/portal\/wp-json\/wp\/v2\/comments?post=13147"}],"version-history":[{"count":1,"href":"https:\/\/tvc16.com\/portal\/wp-json\/wp\/v2\/posts\/13147\/revisions"}],"predecessor-version":[{"id":13149,"href":"https:\/\/tvc16.com\/portal\/wp-json\/wp\/v2\/posts\/13147\/revisions\/13149"}],"wp:featuredmedia":[{"embeddable":true,"href":"https:\/\/tvc16.com\/portal\/wp-json\/wp\/v2\/media\/13148"}],"wp:attachment":[{"href":"https:\/\/tvc16.com\/portal\/wp-json\/wp\/v2\/media?parent=13147"}],"wp:term":[{"taxonomy":"category","embeddable":true,"href":"https:\/\/tvc16.com\/portal\/wp-json\/wp\/v2\/categories?post=13147"},{"taxonomy":"post_tag","embeddable":true,"href":"https:\/\/tvc16.com\/portal\/wp-json\/wp\/v2\/tags?post=13147"}],"curies":[{"name":"wp","href":"https:\/\/api.w.org\/{rel}","templated":true}]}}