{"id":13153,"date":"2021-04-19T18:20:06","date_gmt":"2021-04-19T21:20:06","guid":{"rendered":"https:\/\/tvc16.com\/portal\/?p=13153"},"modified":"2021-04-19T18:20:08","modified_gmt":"2021-04-19T21:20:08","slug":"operacao-off-flavor-termina-com-autuacoes-de-mais-de-r-1-milhao","status":"publish","type":"post","link":"https:\/\/tvc16.com\/portal\/2021\/04\/19\/operacao-off-flavor-termina-com-autuacoes-de-mais-de-r-1-milhao\/","title":{"rendered":"Opera\u00e7\u00e3o Off Flavor termina com autua\u00e7\u00f5es de mais de R$ 1 milh\u00e3o"},"content":{"rendered":"\n<h3 class=\"wp-block-heading\">A\u00e7\u00e3o combate a sonega\u00e7\u00e3o fiscal de mercadoria, principalmente cervejas<\/h3>\n\n\n\n<h4 class=\"wp-block-heading\">Por Alana Gandra &#8211; Rep\u00f3rter da Ag\u00eancia Brasil &#8211; Rio de Janeiro<\/h4>\n\n\n\n<p>A Secretaria de Estado de Fazenda do Rio de Janeiro (Sefaz-RJ), em conjunto com a Pol\u00edcia Rodovi\u00e1ria Federal (PRF), concluiu a opera\u00e7\u00e3o&nbsp;<em>Off Flavor<\/em>&nbsp;de combate \u00e0 sonega\u00e7\u00e3o fiscal de mercadorias, principalmente cervejas. A a\u00e7\u00e3o foi realizada entre os dias 9 e 17 deste m\u00eas, no munic\u00edpio de Itatiaia, divisa entre os estados do Rio de Janeiro e Minas Gerais, e adjac\u00eancias.<img decoding=\"async\" src=\"https:\/\/agenciabrasil.ebc.com.br\/ebc.png?id=1407210&amp;o=node\"><img decoding=\"async\" src=\"https:\/\/agenciabrasil.ebc.com.br\/ebc.gif?id=1407210&amp;o=node\"><\/p>\n\n\n\n<p>De acordo com informa\u00e7\u00e3o dada hoje (19) pela assessoria de imprensa da Sefaz-RJ, a express\u00e3o&nbsp;<em>Off Flavor<\/em>&nbsp;\u00e9 usada quando se verificam defeitos da cerveja e quando a bebida apresenta um sabor ou aspecto diferente do padr\u00e3o.<\/p>\n\n\n\n<p>Foram apreendidas mais de 800 mil unidades de cervejas, em garrafas e latas, com 13 ve\u00edculos autuados, totalizando autua\u00e7\u00f5es de mais de R$ 1 milh\u00e3o. Tamb\u00e9m ocorreram dilig\u00eancias em sete empresas do ramo, sendo que em duas delas ser\u00e1 decretado o encerramento das atividades.<\/p>\n\n\n\n<p>A fiscaliza\u00e7\u00e3o ocorreu principalmente na BR-116, na Rodovia Presidente Dutra, e constatou falta do documento fiscal v\u00e1lido das cervejas. As cargas apreendidas durante a opera\u00e7\u00e3o foram encaminhadas para a Receita Estadual.<\/p>\n\n\n\n<p>Edi\u00e7\u00e3o: Aline Leal<\/p>\n","protected":false},"excerpt":{"rendered":"<p>A\u00e7\u00e3o combate a sonega\u00e7\u00e3o fiscal de mercadoria, principalmente cervejas Por Alana Gandra &#8211; Rep\u00f3rter da<\/p>\n","protected":false},"author":2,"featured_media":13154,"comment_status":"open","ping_status":"open","sticky":false,"template":"","format":"standard","meta":{"footnotes":""},"categories":[17],"tags":[],"class_list":["post-13153","post","type-post","status-publish","format-standard","has-post-thumbnail","hentry","category-outras-noticias"],"_links":{"self":[{"href":"https:\/\/tvc16.com\/portal\/wp-json\/wp\/v2\/posts\/13153","targetHints":{"allow":["GET"]}}],"collection":[{"href":"https:\/\/tvc16.com\/portal\/wp-json\/wp\/v2\/posts"}],"about":[{"href":"https:\/\/tvc16.com\/portal\/wp-json\/wp\/v2\/types\/post"}],"author":[{"embeddable":true,"href":"https:\/\/tvc16.com\/portal\/wp-json\/wp\/v2\/users\/2"}],"replies":[{"embeddable":true,"href":"https:\/\/tvc16.com\/portal\/wp-json\/wp\/v2\/comments?post=13153"}],"version-history":[{"count":1,"href":"https:\/\/tvc16.com\/portal\/wp-json\/wp\/v2\/posts\/13153\/revisions"}],"predecessor-version":[{"id":13155,"href":"https:\/\/tvc16.com\/portal\/wp-json\/wp\/v2\/posts\/13153\/revisions\/13155"}],"wp:featuredmedia":[{"embeddable":true,"href":"https:\/\/tvc16.com\/portal\/wp-json\/wp\/v2\/media\/13154"}],"wp:attachment":[{"href":"https:\/\/tvc16.com\/portal\/wp-json\/wp\/v2\/media?parent=13153"}],"wp:term":[{"taxonomy":"category","embeddable":true,"href":"https:\/\/tvc16.com\/portal\/wp-json\/wp\/v2\/categories?post=13153"},{"taxonomy":"post_tag","embeddable":true,"href":"https:\/\/tvc16.com\/portal\/wp-json\/wp\/v2\/tags?post=13153"}],"curies":[{"name":"wp","href":"https:\/\/api.w.org\/{rel}","templated":true}]}}