{"id":13156,"date":"2021-04-19T18:23:36","date_gmt":"2021-04-19T21:23:36","guid":{"rendered":"https:\/\/tvc16.com\/portal\/?p=13156"},"modified":"2021-04-19T18:23:38","modified_gmt":"2021-04-19T21:23:38","slug":"prefeitura-inicia-campanha-de-vacinacao-contra-a-gripe-para-gestantes-puerperas-e-criancas","status":"publish","type":"post","link":"https:\/\/tvc16.com\/portal\/2021\/04\/19\/prefeitura-inicia-campanha-de-vacinacao-contra-a-gripe-para-gestantes-puerperas-e-criancas\/","title":{"rendered":"Prefeitura inicia campanha de vacina\u00e7\u00e3o contra a gripe para gestantes, pu\u00e9rperas e crian\u00e7as"},"content":{"rendered":"\n<p><em>Dados do governo do Estado apontam que, em Petr\u00f3polis, 127.117 pessoas devem ser vacinadas contra a gripe<\/em><\/p>\n\n\n\n<p>Come\u00e7ou nesta segunda-feira (19\/04) a Campanha de Vacina\u00e7\u00e3o contra a Influenza (v\u00edrus da gripe) para gestantes, pu\u00e9rperas (mulheres que deram \u00e0 luz recentemente) e crian\u00e7as com idade entre 6 meses e 6 anos incompletos. A imuniza\u00e7\u00e3o acontece em 39 pontos de vacina\u00e7\u00e3o \u2013 UBS\u2019s e PSF\u2019s &#8211; distribu\u00eddos nos cinco distritos da cidade. A vacina\u00e7\u00e3o est\u00e1 acontecendo das 9h \u00e0s 16h nas unidades de Sa\u00fade do munic\u00edpio &#8211; nos 27 PSFs o atendimento \u00e9 das 9h \u00e0s 12h e das 13h \u00e0s 16h. Os postos do Brejal e do Vale das Videiras t\u00eam hor\u00e1rio diferenciado, com vacina\u00e7\u00e3o encerrada \u00e0s 15h.<\/p>\n\n\n\n<p>A campanha teve in\u00edcio na quarta-feira da semana passada, quando profissionais da sa\u00fade come\u00e7aram a ser vacinados nas unidades de sa\u00fade em que atuam. Os que ainda n\u00e3o tomaram a vacina tamb\u00e9m poder\u00e3o receber atendimento nos pontos de vacina\u00e7\u00e3o, sendo necess\u00e1ria a apresenta\u00e7\u00e3o de documento que comprove v\u00ednculo de trabalho em estabelecimentos de sa\u00fade. Idosos e professores ser\u00e3o imunizados em uma segunda etapa da campanha.<\/p>\n\n\n\n<p>\u201c\u00c9 muito importante que as pessoas estejam atentas, e compare\u00e7am, para se vacinar contra a gripe\u201d, refor\u00e7a o prefeito interino Hingo Hammes. \u201cIniciamos a imuniza\u00e7\u00e3o de crian\u00e7as, gestantes e pu\u00e9rperas, assim como determina o protocolo do governo do Estado. \u00c9 bom ressaltar que a estrat\u00e9gia de vacina\u00e7\u00e3o este ano foi modificada por conta da vacina\u00e7\u00e3o contra a Covid-19, que est\u00e1 em andamento\u201d, completou.<\/p>\n\n\n\n<p>Uma das primeiras atendidas no Centro de Sa\u00fade, Priscila Alves, que \u00e9 dona de casa, exaltou a campanha. \u201c\u00c9 a terceira vez que minha filha recebe a vacina, mas hoje, sem d\u00favida alguma, \u00e9 a mais especial. Essa \u00e9 uma oportunidade de garantir mais sa\u00fade para ela em meio \u00e0 essa pandemia. Eu, como m\u00e3e, fico muito preocupada. Aproveitei para vir logo no primeiro dia\u201d, contou.<\/p>\n\n\n\n<p>Dados do governo do Estado apontam que, em Petr\u00f3polis, 127.117 pessoas devem ser vacinadas contra a gripe. A Secretaria de Sa\u00fade lembra que a organiza\u00e7\u00e3o da campanha este ano \u00e9 diferenciada, tendo em vista que a campanha de imuniza\u00e7\u00e3o contra a gripe ser\u00e1 realizada em paralelo com a vacina\u00e7\u00e3o contra a covid-19.<\/p>\n\n\n\n<p>\u201cA orienta\u00e7\u00e3o \u00e9 para que os idosos aguardem a data de irem aos postos para receber a vacina contra a gripe. Dessa vez, eles ser\u00e3o atendidos em uma segunda etapa da campanha\u201d, explicou o secret\u00e1rio de Sa\u00fade, Aloisio Barbosa da Silva Filho.<\/p>\n\n\n\n<p>A vacina contra a influenza est\u00e1 dispon\u00edvel no Centro de Sa\u00fade (Centro); PSF Caxambu, PSF 24 de Maio, PSF Alto da Serra, PSF Meio da Serra, UBS Morin, PSF Sargento Boening, PSF Vila Felipe, PSF Alto da Serra, PSF Dr. Thouzet, UBS Alto Independ\u00eancia, UBS Quitandinha, PSF Santa Trindade, PSF Bairro Castrioto, UBS Mosela, PSF Moinho Preto, PSF Bataillard, PSF Pedras Brancas, Ambulat\u00f3rio Escola, UBS Itamarati, Ambulat\u00f3rio Hospital Alcides Carneiro, UBS Retiro, PSF Castelo S\u00e3o Manoel, PSF Jardim Salvador, PSF Carangola, PSF Vale do Carangola, PSF Fazenda Inglesa, UBS Araras, PSF Vale das Videiras, PSF Bonfim, PSF \u00c1guas Lindas, UBS Itaipava, PSF 1\u00ba de Maio, PSF Boa Esperan\u00e7a, UBS Pedro do Rio, PSF Vila Rica, PSF Secret\u00e1rio, PSF Posse e PSF Brejal.<\/p>\n","protected":false},"excerpt":{"rendered":"<p>Dados do governo do Estado apontam que, em Petr\u00f3polis, 127.117 pessoas devem ser vacinadas contra<\/p>\n","protected":false},"author":2,"featured_media":13157,"comment_status":"open","ping_status":"open","sticky":false,"template":"","format":"standard","meta":{"footnotes":""},"categories":[12],"tags":[],"class_list":["post-13156","post","type-post","status-publish","format-standard","has-post-thumbnail","hentry","category-cidade"],"_links":{"self":[{"href":"https:\/\/tvc16.com\/portal\/wp-json\/wp\/v2\/posts\/13156","targetHints":{"allow":["GET"]}}],"collection":[{"href":"https:\/\/tvc16.com\/portal\/wp-json\/wp\/v2\/posts"}],"about":[{"href":"https:\/\/tvc16.com\/portal\/wp-json\/wp\/v2\/types\/post"}],"author":[{"embeddable":true,"href":"https:\/\/tvc16.com\/portal\/wp-json\/wp\/v2\/users\/2"}],"replies":[{"embeddable":true,"href":"https:\/\/tvc16.com\/portal\/wp-json\/wp\/v2\/comments?post=13156"}],"version-history":[{"count":1,"href":"https:\/\/tvc16.com\/portal\/wp-json\/wp\/v2\/posts\/13156\/revisions"}],"predecessor-version":[{"id":13158,"href":"https:\/\/tvc16.com\/portal\/wp-json\/wp\/v2\/posts\/13156\/revisions\/13158"}],"wp:featuredmedia":[{"embeddable":true,"href":"https:\/\/tvc16.com\/portal\/wp-json\/wp\/v2\/media\/13157"}],"wp:attachment":[{"href":"https:\/\/tvc16.com\/portal\/wp-json\/wp\/v2\/media?parent=13156"}],"wp:term":[{"taxonomy":"category","embeddable":true,"href":"https:\/\/tvc16.com\/portal\/wp-json\/wp\/v2\/categories?post=13156"},{"taxonomy":"post_tag","embeddable":true,"href":"https:\/\/tvc16.com\/portal\/wp-json\/wp\/v2\/tags?post=13156"}],"curies":[{"name":"wp","href":"https:\/\/api.w.org\/{rel}","templated":true}]}}