{"id":13162,"date":"2021-04-19T20:15:14","date_gmt":"2021-04-19T23:15:14","guid":{"rendered":"https:\/\/tvc16.com\/portal\/?p=13162"},"modified":"2021-04-19T20:15:16","modified_gmt":"2021-04-19T23:15:16","slug":"tecnica-de-enfermagem-morre-de-covid-19","status":"publish","type":"post","link":"https:\/\/tvc16.com\/portal\/2021\/04\/19\/tecnica-de-enfermagem-morre-de-covid-19\/","title":{"rendered":"T\u00e9cnica de enfermagem morre de covid-19"},"content":{"rendered":"\n<p>A Prefeitura lamentou a morte da t\u00e9cnica de enfermagem Irene F\u00e1tima Kronemberger de Mendon\u00e7a, de 50 anos, que h\u00e1 16 anos prestava servi\u00e7os na rede p\u00fablica de sa\u00fade. Atualmente a profissional trabalhava na Unidade de Estrat\u00e9gia da Fam\u00edlia Menino Jesus de Praga, onde atuava desde junho de 2012.<\/p>\n\n\n\n<p>A t\u00e9cnica de enfermagem ingressou na rede de sa\u00fade do munic\u00edpio em 2005, atuando na UTI Neonatal do Hospital Alcides Carneiro. Ao longo dos anos de trabalho na rede p\u00fablica, a profissional atuou na UTI e na emerg\u00eancia do Hospital Municipal Nelson de S\u00e1 Earp (HMNSE) e posteriormente no PSF Menino Jesus de Praga, na Duarte da Silveira.<\/p>\n\n\n\n<p>Irene, que j\u00e1 tinha tomado a primeira dose da vacina contra a covid-19, estava internada no Hospital Unimed desde 27 de mar\u00e7o, quando teve resultado positivo para a doen\u00e7a. O \u00f3bito e sepultamento ocorreram no domingo (18.04). A Vigil\u00e2ncia Epidemiol\u00f3gica aguarda a documenta\u00e7\u00e3o para finalizar a investiga\u00e7\u00e3o do caso.<\/p>\n\n\n\n<p>Foto: Eurio<\/p>\n","protected":false},"excerpt":{"rendered":"<p>A Prefeitura lamentou a morte da t\u00e9cnica de enfermagem Irene F\u00e1tima Kronemberger de Mendon\u00e7a, de<\/p>\n","protected":false},"author":2,"featured_media":13163,"comment_status":"open","ping_status":"open","sticky":false,"template":"","format":"standard","meta":{"footnotes":""},"categories":[12],"tags":[],"class_list":["post-13162","post","type-post","status-publish","format-standard","has-post-thumbnail","hentry","category-cidade"],"_links":{"self":[{"href":"https:\/\/tvc16.com\/portal\/wp-json\/wp\/v2\/posts\/13162","targetHints":{"allow":["GET"]}}],"collection":[{"href":"https:\/\/tvc16.com\/portal\/wp-json\/wp\/v2\/posts"}],"about":[{"href":"https:\/\/tvc16.com\/portal\/wp-json\/wp\/v2\/types\/post"}],"author":[{"embeddable":true,"href":"https:\/\/tvc16.com\/portal\/wp-json\/wp\/v2\/users\/2"}],"replies":[{"embeddable":true,"href":"https:\/\/tvc16.com\/portal\/wp-json\/wp\/v2\/comments?post=13162"}],"version-history":[{"count":1,"href":"https:\/\/tvc16.com\/portal\/wp-json\/wp\/v2\/posts\/13162\/revisions"}],"predecessor-version":[{"id":13164,"href":"https:\/\/tvc16.com\/portal\/wp-json\/wp\/v2\/posts\/13162\/revisions\/13164"}],"wp:featuredmedia":[{"embeddable":true,"href":"https:\/\/tvc16.com\/portal\/wp-json\/wp\/v2\/media\/13163"}],"wp:attachment":[{"href":"https:\/\/tvc16.com\/portal\/wp-json\/wp\/v2\/media?parent=13162"}],"wp:term":[{"taxonomy":"category","embeddable":true,"href":"https:\/\/tvc16.com\/portal\/wp-json\/wp\/v2\/categories?post=13162"},{"taxonomy":"post_tag","embeddable":true,"href":"https:\/\/tvc16.com\/portal\/wp-json\/wp\/v2\/tags?post=13162"}],"curies":[{"name":"wp","href":"https:\/\/api.w.org\/{rel}","templated":true}]}}