{"id":13165,"date":"2021-04-19T20:16:45","date_gmt":"2021-04-19T23:16:45","guid":{"rendered":"https:\/\/tvc16.com\/portal\/?p=13165"},"modified":"2021-04-19T20:16:47","modified_gmt":"2021-04-19T23:16:47","slug":"covid-19-comeca-vacinacao-para-idosos-a-partir-dos-60-anos","status":"publish","type":"post","link":"https:\/\/tvc16.com\/portal\/2021\/04\/19\/covid-19-comeca-vacinacao-para-idosos-a-partir-dos-60-anos\/","title":{"rendered":"Covid-19: come\u00e7a vacina\u00e7\u00e3o para idosos a partir dos 60 anos"},"content":{"rendered":"\n<p><em>Cadastramento de pessoas com 64 e 65 anos come\u00e7a nesta ter\u00e7a-feira<\/em><\/p>\n\n\n\n<p>A Secretaria de Sa\u00fade definiu nesta segunda-feira (19\/04) o calend\u00e1rio para a vacina\u00e7\u00e3o de idosos em faixas et\u00e1rias a partir dos 60 anos, que come\u00e7ar\u00e3o a ser vacinados antes do fim deste m\u00eas. O calend\u00e1rio prev\u00ea o cadastramento de idosos com 64 anos e 65 anos a partir desta ter\u00e7a-feira, dia 20 para vacina\u00e7\u00e3o a partir de quarta-feira, dia 21. J\u00e1 idosos com 62 anos e 63 anos poder\u00e3o se cadastrar do dia 23 em diante para a vacina\u00e7\u00e3o a partir do dia 25. O cadastramento de quem tem 60 e 61 anos come\u00e7a no dia 26 para vacina\u00e7\u00e3o a partir do dia 29.<\/p>\n\n\n\n<p>\u201cTodos os esfor\u00e7os est\u00e3o sendo feitos pela Secretaria de Sa\u00fade para que possamos acelerar a campanha de vacina\u00e7\u00e3o. Estamos nos organizando para iniciar a vacina\u00e7\u00e3o de quem tem a partir dos 60 anos ainda este m\u00eas, mas \u00e9 importante deixar claro que precisamos que o Minist\u00e9rio da Sa\u00fade e a Secretaria Estadual de Sa\u00fade mantenham as entregas de novas remessas da vacina, em quantidades suficientes para o avan\u00e7o do trabalho de imuniza\u00e7\u00e3o. O cronograma est\u00e1 definido e vamos trabalhar para cumprir rigorosamente tudo o que est\u00e1 programado\u201d, explica o prefeito interino Hingo Hammes.<\/p>\n\n\n\n<p>A Secretaria de Sa\u00fade iniciou no domingo a vacina\u00e7\u00e3o de idosos a partir de 66 anos. A amplia\u00e7\u00e3o de faixas et\u00e1rias vem sendo feita de acordo com a chegada de novas remessas de vacinas.<\/p>\n\n\n\n<p>\u201cIniciamos a vacina\u00e7\u00e3o dos idosos com mais de 66 anos e todo um planejamento foi feito pelas equipes para estabelecermos o calend\u00e1rio com datas espec\u00edficas para cadastro e in\u00edcio de vacina\u00e7\u00e3o em cada faixa et\u00e1ria chegando, de forma decrescente, at\u00e9 os 60 anos\u201d, destaca o secret\u00e1rio de Sa\u00fade Aloisio Barbosa da Silva Filho, lembrando que a amplia\u00e7\u00e3o da vacina\u00e7\u00e3o depende do envio de novas remessas de vacinas.<\/p>\n\n\n\n<p>Para ser vacinado o idoso deve estar cadastrado junto \u00e0 Secretaria Municipal de Sa\u00fade. Os dados devem ser preenchidos no site da prefeitura (www.petropolis.rj.gov.br) ou diretamente na p\u00e1gina da Secretaria de Sa\u00fade (https:\/\/smspetropolis.net.br\/vacinacaoCOVID.html). No momento do cadastro, o interessado pode escolher entre 10 pontos de vacina\u00e7\u00e3o que est\u00e3o em funcionamento na cidade.<\/p>\n\n\n\n<p><em>Funcionamento de setores da sa\u00fade nos dias 21 e 23 de abril<\/em><\/p>\n\n\n\n<p>Nesta semana, as equipes da sa\u00fade, que trabalharam ininterruptamente durante todo o per\u00edodo de recesso sanit\u00e1rio, entre o fim de mar\u00e7o e in\u00edcio abril, atuar\u00e3o de forma escalonada nos dias 21 e 23 de abril para atender idosos cadastrados junto \u00e0 Secretaria de Sa\u00fade na vacina\u00e7\u00e3o contra a covid-19. As unidades de urg\u00eancia e emerg\u00eancia funcionar\u00e3o normalmente. A rede de aten\u00e7\u00e3o b\u00e1sica, inclusive os 39 postos de vacina\u00e7\u00e3o contra a gripe, n\u00e3o funcionar\u00e3o nestas datas. O funcionamento \u00e9 normal nesta ter\u00e7a (20\/04) e tamb\u00e9m na quinta-feira (22\/04).<\/p>\n\n\n\n<p>Vacina\u00e7\u00e3o contra a covid-19 nos dias 21 e 23 de abril (mediante cadastramento)<\/p>\n\n\n\n<p>Hor\u00e1rio: das 9h \u00e0s 16<\/p>\n\n\n\n<p>21\/04: a vacina\u00e7\u00e3o de idosos ser\u00e1 realizada no Clube Palmeira, no Itamarati; na UCP da Benjamin Constant, no Centro (tamb\u00e9m com drive thru); e no Parque Municipal, em Itaipava (tamb\u00e9m com drive thru).<\/p>\n\n\n\n<p>23\/04: a vacina\u00e7\u00e3o de idosos ser\u00e1 realizada no Petropolitano Futebol Clube, no Centro; na Escola Municipal Josemar Contage, em Corr\u00eaas; na \u00e1rea externa do gin\u00e1sio da UCP, no Bingen (tamb\u00e9m com drive thru); e no Hipershopping, no Alto da Serra (tamb\u00e9m com drive thru).<\/p>\n","protected":false},"excerpt":{"rendered":"<p>Cadastramento de pessoas com 64 e 65 anos come\u00e7a nesta ter\u00e7a-feira A Secretaria de Sa\u00fade<\/p>\n","protected":false},"author":2,"featured_media":13166,"comment_status":"open","ping_status":"open","sticky":false,"template":"","format":"standard","meta":{"footnotes":""},"categories":[12],"tags":[],"class_list":["post-13165","post","type-post","status-publish","format-standard","has-post-thumbnail","hentry","category-cidade"],"_links":{"self":[{"href":"https:\/\/tvc16.com\/portal\/wp-json\/wp\/v2\/posts\/13165","targetHints":{"allow":["GET"]}}],"collection":[{"href":"https:\/\/tvc16.com\/portal\/wp-json\/wp\/v2\/posts"}],"about":[{"href":"https:\/\/tvc16.com\/portal\/wp-json\/wp\/v2\/types\/post"}],"author":[{"embeddable":true,"href":"https:\/\/tvc16.com\/portal\/wp-json\/wp\/v2\/users\/2"}],"replies":[{"embeddable":true,"href":"https:\/\/tvc16.com\/portal\/wp-json\/wp\/v2\/comments?post=13165"}],"version-history":[{"count":1,"href":"https:\/\/tvc16.com\/portal\/wp-json\/wp\/v2\/posts\/13165\/revisions"}],"predecessor-version":[{"id":13167,"href":"https:\/\/tvc16.com\/portal\/wp-json\/wp\/v2\/posts\/13165\/revisions\/13167"}],"wp:featuredmedia":[{"embeddable":true,"href":"https:\/\/tvc16.com\/portal\/wp-json\/wp\/v2\/media\/13166"}],"wp:attachment":[{"href":"https:\/\/tvc16.com\/portal\/wp-json\/wp\/v2\/media?parent=13165"}],"wp:term":[{"taxonomy":"category","embeddable":true,"href":"https:\/\/tvc16.com\/portal\/wp-json\/wp\/v2\/categories?post=13165"},{"taxonomy":"post_tag","embeddable":true,"href":"https:\/\/tvc16.com\/portal\/wp-json\/wp\/v2\/tags?post=13165"}],"curies":[{"name":"wp","href":"https:\/\/api.w.org\/{rel}","templated":true}]}}