{"id":13172,"date":"2021-04-20T10:59:05","date_gmt":"2021-04-20T13:59:05","guid":{"rendered":"https:\/\/tvc16.com\/portal\/?p=13172"},"modified":"2021-04-20T10:59:07","modified_gmt":"2021-04-20T13:59:07","slug":"agencia-da-onu-fornecera-alimentos-a-185-mil-criancas-na-venezuela","status":"publish","type":"post","link":"https:\/\/tvc16.com\/portal\/2021\/04\/20\/agencia-da-onu-fornecera-alimentos-a-185-mil-criancas-na-venezuela\/","title":{"rendered":"Ag\u00eancia da ONU fornecer\u00e1 alimentos a 185 mil&nbsp;crian\u00e7as na Venezuela"},"content":{"rendered":"\n<h3 class=\"wp-block-heading\">Pa\u00eds vive crise humanit\u00e1ria provocada por colapso econ\u00f4mico<\/h3>\n\n\n\n<h4 class=\"wp-block-heading\">Por Luc Cohen &#8211; Rep\u00f3rter da Reuters &#8211; Caracas<\/h4>\n\n\n\n<p>O Programa Mundial de Alimentos das Na\u00e7\u00f5es Unidas (PMA) e autoridades venezuelanas anunciaram nessa segunda-feira (19) que chegaram a um acordo para o fornecimento de alimentos a crian\u00e7as em idade escolar no pa\u00eds, que sofre crise humanit\u00e1ria provocada por um colapso econ\u00f4mico.<img decoding=\"async\" src=\"https:\/\/agenciabrasil.ebc.com.br\/ebc.png?id=1407248&amp;o=node\"><img decoding=\"async\" src=\"https:\/\/agenciabrasil.ebc.com.br\/ebc.gif?id=1407248&amp;o=node\"><\/p>\n\n\n\n<p>O programa atingir\u00e1 185 mil&nbsp;crian\u00e7as e deve se expandir para cerca de 1,5 milh\u00e3o at\u00e9 o fim&nbsp;do ano escolar de 2022-2023, informou&nbsp;o PMA em comunicado. A desnutri\u00e7\u00e3o infantil tem aumentado na Venezuela em meio ao colapso da economia.<\/p>\n\n\n\n<p>&#8220;Este \u00e9 o primeiro passo em dire\u00e7\u00e3o a uma s\u00e9rie de projetos ambiciosos que fornecer\u00e3o apoio alimentar a todo o povo venezuelano&#8221;, disse o presidente da Venezuela, Nicol\u00e1s Maduro, em discurso no pal\u00e1cio presidencial de Miraflores, onde recebeu o diretor executivo do Programa Mundial de Alimentos, David Beasley.<\/p>\n\n\n\n<p>Grupos de ajuda humanit\u00e1ria h\u00e1 muito pressionam para que o governo de Maduro permita que o PMA distribua ajuda alimentar na Venezuela. A oposi\u00e7\u00e3o pol\u00edtica acusa o governo de Maduro de condicionar a ajuda alimentar estatal \u00e0 lealdade pol\u00edtica, afirma\u00e7\u00e3o que Maduro nega.<\/p>\n\n\n\n<p>&#8220;Acreditamos que a escola \u00e9 a plataforma mais apropriada para alcan\u00e7ar as comunidades de maneira independente&#8221;, afirmou Beasley.<\/p>\n","protected":false},"excerpt":{"rendered":"<p>Pa\u00eds vive crise humanit\u00e1ria provocada por colapso econ\u00f4mico Por Luc Cohen &#8211; Rep\u00f3rter da Reuters<\/p>\n","protected":false},"author":2,"featured_media":13173,"comment_status":"open","ping_status":"open","sticky":false,"template":"","format":"standard","meta":{"footnotes":""},"categories":[17],"tags":[],"class_list":["post-13172","post","type-post","status-publish","format-standard","has-post-thumbnail","hentry","category-outras-noticias"],"_links":{"self":[{"href":"https:\/\/tvc16.com\/portal\/wp-json\/wp\/v2\/posts\/13172","targetHints":{"allow":["GET"]}}],"collection":[{"href":"https:\/\/tvc16.com\/portal\/wp-json\/wp\/v2\/posts"}],"about":[{"href":"https:\/\/tvc16.com\/portal\/wp-json\/wp\/v2\/types\/post"}],"author":[{"embeddable":true,"href":"https:\/\/tvc16.com\/portal\/wp-json\/wp\/v2\/users\/2"}],"replies":[{"embeddable":true,"href":"https:\/\/tvc16.com\/portal\/wp-json\/wp\/v2\/comments?post=13172"}],"version-history":[{"count":1,"href":"https:\/\/tvc16.com\/portal\/wp-json\/wp\/v2\/posts\/13172\/revisions"}],"predecessor-version":[{"id":13174,"href":"https:\/\/tvc16.com\/portal\/wp-json\/wp\/v2\/posts\/13172\/revisions\/13174"}],"wp:featuredmedia":[{"embeddable":true,"href":"https:\/\/tvc16.com\/portal\/wp-json\/wp\/v2\/media\/13173"}],"wp:attachment":[{"href":"https:\/\/tvc16.com\/portal\/wp-json\/wp\/v2\/media?parent=13172"}],"wp:term":[{"taxonomy":"category","embeddable":true,"href":"https:\/\/tvc16.com\/portal\/wp-json\/wp\/v2\/categories?post=13172"},{"taxonomy":"post_tag","embeddable":true,"href":"https:\/\/tvc16.com\/portal\/wp-json\/wp\/v2\/tags?post=13172"}],"curies":[{"name":"wp","href":"https:\/\/api.w.org\/{rel}","templated":true}]}}