{"id":13186,"date":"2021-04-20T11:28:37","date_gmt":"2021-04-20T14:28:37","guid":{"rendered":"https:\/\/tvc16.com\/portal\/?p=13186"},"modified":"2021-04-20T11:28:39","modified_gmt":"2021-04-20T14:28:39","slug":"policia-federal-combate-fraudes-em-universidade-federal-do-rio","status":"publish","type":"post","link":"https:\/\/tvc16.com\/portal\/2021\/04\/20\/policia-federal-combate-fraudes-em-universidade-federal-do-rio\/","title":{"rendered":"Pol\u00edcia Federal combate fraudes em universidade federal do Rio"},"content":{"rendered":"\n<h3 class=\"wp-block-heading\">Material apreendido ser\u00e1 usado para aprofundar investiga\u00e7\u00f5es<\/h3>\n\n\n\n<h4 class=\"wp-block-heading\">Por Vitor Abdala &#8211; Rep\u00f3rter da Ag\u00eancia Brasil &#8211; Rio de Janeiro<\/h4>\n\n\n\n<p>Policiais federais cumprem hoje (20) nove mandados de busca e apreens\u00e3o contra suspeitos de fraudar contratos na Universidade Federal do Estado do Rio de Janeiro (UniRio). Os mandados foram expedidos pela 8\u00aa Vara Federal Criminal do Rio, nas cidades do Rio, Saquarema e Rio Bonito.<img decoding=\"async\" src=\"https:\/\/agenciabrasil.ebc.com.br\/ebc.png?id=1407251&amp;o=node\"><img decoding=\"async\" src=\"https:\/\/agenciabrasil.ebc.com.br\/ebc.gif?id=1407251&amp;o=node\"><\/p>\n\n\n\n<p>Segundo a Pol\u00edcia Federal (PF), investiga\u00e7\u00f5es constataram ind\u00edcios da pr\u00e1tica de direcionamento e superfaturamento em contrato firmado com empresa especializada na presta\u00e7\u00e3o de servi\u00e7os continuados de opera\u00e7\u00e3o, manuten\u00e7\u00e3o preventiva, corretiva e emergencial.<\/p>\n\n\n\n<p>O material apreendido na Opera\u00e7\u00e3o Predestinado ser\u00e1 periciado e usado para aprofundar as investiga\u00e7\u00f5es. A&nbsp;<strong>Ag\u00eancia Brasil&nbsp;<\/strong>entrou em contato com a UniRio e aguarda um posicionamento da universidade.<\/p>\n\n\n\n<p>Edi\u00e7\u00e3o: Kleber Sampaio<\/p>\n","protected":false},"excerpt":{"rendered":"<p>Material apreendido ser\u00e1 usado para aprofundar investiga\u00e7\u00f5es Por Vitor Abdala &#8211; Rep\u00f3rter da Ag\u00eancia Brasil<\/p>\n","protected":false},"author":2,"featured_media":13187,"comment_status":"open","ping_status":"open","sticky":false,"template":"","format":"standard","meta":{"footnotes":""},"categories":[17],"tags":[],"class_list":["post-13186","post","type-post","status-publish","format-standard","has-post-thumbnail","hentry","category-outras-noticias"],"_links":{"self":[{"href":"https:\/\/tvc16.com\/portal\/wp-json\/wp\/v2\/posts\/13186","targetHints":{"allow":["GET"]}}],"collection":[{"href":"https:\/\/tvc16.com\/portal\/wp-json\/wp\/v2\/posts"}],"about":[{"href":"https:\/\/tvc16.com\/portal\/wp-json\/wp\/v2\/types\/post"}],"author":[{"embeddable":true,"href":"https:\/\/tvc16.com\/portal\/wp-json\/wp\/v2\/users\/2"}],"replies":[{"embeddable":true,"href":"https:\/\/tvc16.com\/portal\/wp-json\/wp\/v2\/comments?post=13186"}],"version-history":[{"count":1,"href":"https:\/\/tvc16.com\/portal\/wp-json\/wp\/v2\/posts\/13186\/revisions"}],"predecessor-version":[{"id":13188,"href":"https:\/\/tvc16.com\/portal\/wp-json\/wp\/v2\/posts\/13186\/revisions\/13188"}],"wp:featuredmedia":[{"embeddable":true,"href":"https:\/\/tvc16.com\/portal\/wp-json\/wp\/v2\/media\/13187"}],"wp:attachment":[{"href":"https:\/\/tvc16.com\/portal\/wp-json\/wp\/v2\/media?parent=13186"}],"wp:term":[{"taxonomy":"category","embeddable":true,"href":"https:\/\/tvc16.com\/portal\/wp-json\/wp\/v2\/categories?post=13186"},{"taxonomy":"post_tag","embeddable":true,"href":"https:\/\/tvc16.com\/portal\/wp-json\/wp\/v2\/tags?post=13186"}],"curies":[{"name":"wp","href":"https:\/\/api.w.org\/{rel}","templated":true}]}}