{"id":13193,"date":"2021-04-20T11:31:01","date_gmt":"2021-04-20T14:31:01","guid":{"rendered":"https:\/\/tvc16.com\/portal\/?p=13193"},"modified":"2021-04-20T11:31:03","modified_gmt":"2021-04-20T14:31:03","slug":"bolsonaro-nomeia-presidente-e-diretores-do-bc-para-mandatos-fixos","status":"publish","type":"post","link":"https:\/\/tvc16.com\/portal\/2021\/04\/20\/bolsonaro-nomeia-presidente-e-diretores-do-bc-para-mandatos-fixos\/","title":{"rendered":"Bolsonaro nomeia presidente e diretores do BC para mandatos fixos"},"content":{"rendered":"\n<h3 class=\"wp-block-heading\">Decis\u00e3o \u00e9 devido \u00e0 lei que d\u00e1 autonomia ao Banco Central<\/h3>\n\n\n\n<h4 class=\"wp-block-heading\">Por Kelly Oliveira \u2013 Rep\u00f3rter da Ag\u00eancia Brasil &#8211; Bras\u00edlia<\/h4>\n\n\n\n<p>O presidente Jair Bolsonaro nomeou o presidente do Banco Central (BC), Roberto Campos Neto, e sete diretores para cumprirem mandatos fixos na diretoria da institui\u00e7\u00e3o.<img decoding=\"async\" src=\"https:\/\/agenciabrasil.ebc.com.br\/ebc.png?id=1407256&amp;o=node\"><img decoding=\"async\" src=\"https:\/\/agenciabrasil.ebc.com.br\/ebc.gif?id=1407256&amp;o=node\"><\/p>\n\n\n\n<p>Essa nomea\u00e7\u00e3o ocorreu devido \u00e0 Lei Complementar n\u00ba 179, sancionada em fevereiro de 2021, que estabelece<a href=\"http:\/\/agenciabrasil.ebc.com.br\/politica\/noticia\/2021-02\/bolsonaro-sanciona-lei-que-da-autonomia-ao-banco-central\" target=\"_blank\" rel=\"noreferrer noopener\">&nbsp;autonomia&nbsp;<\/a>para o BC, com mandatos para os dirigentes da autarquia.<\/p>\n\n\n\n<p>De acordo com os decretos publicados na edi\u00e7\u00e3o de hoje (20) do&nbsp;<a href=\"http:\/\/in.gov.br\/web\/dou\/-\/decreto-de-19-de-abril-de-2021-314779470\" target=\"_blank\" rel=\"noreferrer noopener\"><em>Di\u00e1rio Oficial da Uni\u00e3o<\/em><\/a>, F\u00e1bio Kanczuk e Jo\u00e3o Manoel Pinho de Mello cumprir\u00e3o mandato at\u00e9 31 de dezembro deste ano. Bruno Serra Fernandes e Paulo S\u00e9rgio Neves de Souza ter\u00e3o mandatos at\u00e9 28 de fevereiro de 2023, Maur\u00edcio Costa de Moura, at\u00e9 31 de dezembro de 2023 e, por fim, Campos Neto, Carolina de Assis Barros e Ot\u00e1vio Ribeiro Damaso ficar\u00e3o at\u00e9 31 de dezembro de 2024.<\/p>\n\n\n\n<p>Todos os nomeados poder\u00e3o ter seus mandatos renovados por apenas uma vez.<\/p>\n\n\n\n<p>Conforme divulgado em 18 de mar\u00e7o, a diretora Fernanda Nechio pediu desligamento por motivos pessoais e ser\u00e1 exonerada ap\u00f3s a pr\u00f3xima reuni\u00e3o do Comit\u00ea de Pol\u00edtica Monet\u00e1ria (Copom), em maio. At\u00e9 l\u00e1, ela continuar\u00e1 \u00e0 frente da \u00e1rea de Assuntos Internacionais e de Gest\u00e3o de Riscos Corporativos.<\/p>\n\n\n\n<p>O BC aguarda a aprova\u00e7\u00e3o da substituta de Nechio pelo Senado Federal, a economista Fernanda Magalh\u00e3es Rumenos Guardado. Ela dever\u00e1 ser nomeada pelo presidente da Rep\u00fablica para cumprir mandato fixo at\u00e9 31 de dezembro de 2023.<\/p>\n\n\n\n<p>Edi\u00e7\u00e3o: Kleber Sampaio<\/p>\n","protected":false},"excerpt":{"rendered":"<p>Decis\u00e3o \u00e9 devido \u00e0 lei que d\u00e1 autonomia ao Banco Central Por Kelly Oliveira \u2013<\/p>\n","protected":false},"author":2,"featured_media":13194,"comment_status":"open","ping_status":"open","sticky":false,"template":"","format":"standard","meta":{"footnotes":""},"categories":[17],"tags":[],"class_list":["post-13193","post","type-post","status-publish","format-standard","has-post-thumbnail","hentry","category-outras-noticias"],"_links":{"self":[{"href":"https:\/\/tvc16.com\/portal\/wp-json\/wp\/v2\/posts\/13193","targetHints":{"allow":["GET"]}}],"collection":[{"href":"https:\/\/tvc16.com\/portal\/wp-json\/wp\/v2\/posts"}],"about":[{"href":"https:\/\/tvc16.com\/portal\/wp-json\/wp\/v2\/types\/post"}],"author":[{"embeddable":true,"href":"https:\/\/tvc16.com\/portal\/wp-json\/wp\/v2\/users\/2"}],"replies":[{"embeddable":true,"href":"https:\/\/tvc16.com\/portal\/wp-json\/wp\/v2\/comments?post=13193"}],"version-history":[{"count":1,"href":"https:\/\/tvc16.com\/portal\/wp-json\/wp\/v2\/posts\/13193\/revisions"}],"predecessor-version":[{"id":13195,"href":"https:\/\/tvc16.com\/portal\/wp-json\/wp\/v2\/posts\/13193\/revisions\/13195"}],"wp:featuredmedia":[{"embeddable":true,"href":"https:\/\/tvc16.com\/portal\/wp-json\/wp\/v2\/media\/13194"}],"wp:attachment":[{"href":"https:\/\/tvc16.com\/portal\/wp-json\/wp\/v2\/media?parent=13193"}],"wp:term":[{"taxonomy":"category","embeddable":true,"href":"https:\/\/tvc16.com\/portal\/wp-json\/wp\/v2\/categories?post=13193"},{"taxonomy":"post_tag","embeddable":true,"href":"https:\/\/tvc16.com\/portal\/wp-json\/wp\/v2\/tags?post=13193"}],"curies":[{"name":"wp","href":"https:\/\/api.w.org\/{rel}","templated":true}]}}