{"id":13196,"date":"2021-04-20T11:32:03","date_gmt":"2021-04-20T14:32:03","guid":{"rendered":"https:\/\/tvc16.com\/portal\/?p=13196"},"modified":"2021-04-20T11:32:05","modified_gmt":"2021-04-20T14:32:05","slug":"sancionada-lei-sobre-remessa-de-patrimonio-genetico-ao-exterior","status":"publish","type":"post","link":"https:\/\/tvc16.com\/portal\/2021\/04\/20\/sancionada-lei-sobre-remessa-de-patrimonio-genetico-ao-exterior\/","title":{"rendered":"Sancionada lei sobre remessa de patrim\u00f4nio gen\u00e9tico ao exterior"},"content":{"rendered":"\n<h3 class=\"wp-block-heading\">A iniciativa visa agilizar desenvolvimento de produtos terap\u00eauticos<\/h3>\n\n\n\n<h4 class=\"wp-block-heading\">Por Karine Melo &#8211; Rep\u00f3rter Ag\u00eancia Brasil &#8211; Bras\u00edlia<\/h4>\n\n\n\n<p>O presidente da Rep\u00fablica, Jair Bolsonaro, sancionou nesta ter\u00e7a-feira (20) a&nbsp;<a href=\"https:\/\/www.in.gov.br\/en\/web\/dou\/-\/lei-n-14.141-de-19-de-abril-de-2021-314897970\" target=\"_blank\" rel=\"noreferrer noopener\">Lei 14.141\/2021<\/a>, que disp\u00f5e sobre a remessa de patrim\u00f4nio gen\u00e9tico ao exterior em situa\u00e7\u00f5es epidemiol\u00f3gicas que caracterizem emerg\u00eancia em sa\u00fade p\u00fablica.<img decoding=\"async\" src=\"https:\/\/agenciabrasil.ebc.com.br\/ebc.png?id=1407258&amp;o=node\"><img decoding=\"async\" src=\"https:\/\/agenciabrasil.ebc.com.br\/ebc.gif?id=1407258&amp;o=node\"><\/p>\n\n\n\n<p>A iniciativa visa agilizar e abrir novos caminhos para o desenvolvimento de produtos terap\u00eauticos, especialmente em situa\u00e7\u00f5es epidemiol\u00f3gicas. A expectativa \u00e9 de que, nessas situa\u00e7\u00f5es, a norma d\u00ea maior agilidade e simplifique os tr\u00e2mites para o envio de amostras com informa\u00e7\u00e3o de origem gen\u00e9tica ao exterior.<\/p>\n\n\n\n<p>No Senado, a Comiss\u00e3o de Seguridade Social e Fam\u00edlia j\u00e1 havia sinalizado a necessidade de proteger o vast\u00edssimo patrim\u00f4nio gen\u00e9tico brasileiro, de garantir que sua explora\u00e7\u00e3o se d\u00ea de modo sustent\u00e1vel e de que os frutos dessa explora\u00e7\u00e3o beneficiem ao conjunto da sociedade. Dessa forma, h\u00e1 poucos anos, foi aprovada a Lei n\u00ba 13.123, de 20 de maio de 2015, que, entre outras medidas, disp\u00f5e sobre \u201co acesso ao patrim\u00f4nio gen\u00e9tico, sobre a prote\u00e7\u00e3o e o acesso ao conhecimento tradicional associado e sobre a reparti\u00e7\u00e3o de benef\u00edcios para conserva\u00e7\u00e3o e uso sustent\u00e1vel da biodiversidade\u201d.<\/p>\n\n\n\n<p>\u201cQuando do descobrimento da ocorr\u00eancia de numerosos casos de microcefalia relacionados ao v\u00edrus zika em neonatos, mesmo na vig\u00eancia de uma emerg\u00eancia em sa\u00fade p\u00fablica declarada pelo Minist\u00e9rio da Sa\u00fade, ficaram patentes certas limita\u00e7\u00f5es da lei. Situa\u00e7\u00f5es in\u00e9ditas, como foi a ocorrida, requerem toda a colabora\u00e7\u00e3o poss\u00edvel e dispon\u00edvel, e o concurso de cientistas, pesquisadores e \u00f3rg\u00e3os de sa\u00fade de outros pa\u00edses e de organiza\u00e7\u00f5es internacionais \u00e9 important\u00edssimo e indispens\u00e1vel\u201d avaliou a Secretaria-Geral da Presid\u00eancia da Rep\u00fablica em nota.<\/p>\n\n\n\n<p>A Secretaria acrescentou que, em decorr\u00eancia de barreiras legais, houve nessa ocasi\u00e3o grande dificuldade para remeter a cientistas e institui\u00e7\u00f5es estrangeiras amostras brasileiras do v\u00edrus zika, o que, em \u00faltima an\u00e1lise, retardou o processo de diagn\u00f3stico e as a\u00e7\u00f5es concernentes.<\/p>\n\n\n\n<p>A lei sancionada hoje n\u00e3o apenas flexibiliza a prote\u00e7\u00e3o ao patrim\u00f4nio gen\u00e9tico brasileiro como delimita a \u201csitua\u00e7\u00f5es epidemiol\u00f3gicas que caracterizem emerg\u00eancia em sa\u00fade p\u00fablica\u201d, a serem posteriormente detalhadas em regulamento.<\/p>\n\n\n\n<p>Segundo a Secretaria-Geral da Presid\u00eancia da Rep\u00fablica, a san\u00e7\u00e3o presidencial \u00e9 relevante para o desenvolvimento de pesquisas que objetivam conter situa\u00e7\u00f5es de calamidade, como a da pandemia da covid-19. Nesse caso a remessa do patrim\u00f4nio gen\u00e9tico ao exterior acelera a busca por solu\u00e7\u00f5es de interesse nacional em colabora\u00e7\u00e3o com parceiros internacionais para esse fim.<\/p>\n\n\n\n<p>Edi\u00e7\u00e3o: Val\u00e9ria Aguiar<\/p>\n","protected":false},"excerpt":{"rendered":"<p>A iniciativa visa agilizar desenvolvimento de produtos terap\u00eauticos Por Karine Melo &#8211; Rep\u00f3rter Ag\u00eancia Brasil<\/p>\n","protected":false},"author":2,"featured_media":13197,"comment_status":"open","ping_status":"open","sticky":false,"template":"","format":"standard","meta":{"footnotes":""},"categories":[17],"tags":[],"class_list":["post-13196","post","type-post","status-publish","format-standard","has-post-thumbnail","hentry","category-outras-noticias"],"_links":{"self":[{"href":"https:\/\/tvc16.com\/portal\/wp-json\/wp\/v2\/posts\/13196","targetHints":{"allow":["GET"]}}],"collection":[{"href":"https:\/\/tvc16.com\/portal\/wp-json\/wp\/v2\/posts"}],"about":[{"href":"https:\/\/tvc16.com\/portal\/wp-json\/wp\/v2\/types\/post"}],"author":[{"embeddable":true,"href":"https:\/\/tvc16.com\/portal\/wp-json\/wp\/v2\/users\/2"}],"replies":[{"embeddable":true,"href":"https:\/\/tvc16.com\/portal\/wp-json\/wp\/v2\/comments?post=13196"}],"version-history":[{"count":1,"href":"https:\/\/tvc16.com\/portal\/wp-json\/wp\/v2\/posts\/13196\/revisions"}],"predecessor-version":[{"id":13198,"href":"https:\/\/tvc16.com\/portal\/wp-json\/wp\/v2\/posts\/13196\/revisions\/13198"}],"wp:featuredmedia":[{"embeddable":true,"href":"https:\/\/tvc16.com\/portal\/wp-json\/wp\/v2\/media\/13197"}],"wp:attachment":[{"href":"https:\/\/tvc16.com\/portal\/wp-json\/wp\/v2\/media?parent=13196"}],"wp:term":[{"taxonomy":"category","embeddable":true,"href":"https:\/\/tvc16.com\/portal\/wp-json\/wp\/v2\/categories?post=13196"},{"taxonomy":"post_tag","embeddable":true,"href":"https:\/\/tvc16.com\/portal\/wp-json\/wp\/v2\/tags?post=13196"}],"curies":[{"name":"wp","href":"https:\/\/api.w.org\/{rel}","templated":true}]}}