{"id":13202,"date":"2021-04-20T11:34:34","date_gmt":"2021-04-20T14:34:34","guid":{"rendered":"https:\/\/tvc16.com\/portal\/?p=13202"},"modified":"2021-04-20T11:34:36","modified_gmt":"2021-04-20T14:34:36","slug":"sao-paulo-tem-madrugada-mais-fria-do-ano","status":"publish","type":"post","link":"https:\/\/tvc16.com\/portal\/2021\/04\/20\/sao-paulo-tem-madrugada-mais-fria-do-ano\/","title":{"rendered":"S\u00e3o Paulo tem madrugada mais fria do ano"},"content":{"rendered":"\n<h3 class=\"wp-block-heading\">Dia de hoje ser\u00e1 com temperatura amena<\/h3>\n\n\n\n<h4 class=\"wp-block-heading\">Por Ludmilla Souza &#8211; Rep\u00f3rter da Ag\u00eancia Brasil &#8211; S\u00e3o Paulo<\/h4>\n\n\n\n<p>A madrugada de hoje (20) na capital paulista foi a mais fria do ano. A esta\u00e7\u00e3o autom\u00e1tica do Mirante de Santana, do Instituto Nacional de Meteorologia (Inmet), registrou m\u00ednima de 15,8\u00b0C. O recorde anterior foi de 16\u00b0C nos dias 14 e 1\u00ba de abril de 2021.<img decoding=\"async\" src=\"https:\/\/agenciabrasil.ebc.com.br\/ebc.png?id=1407263&amp;o=node\"><img decoding=\"async\" src=\"https:\/\/agenciabrasil.ebc.com.br\/ebc.gif?id=1407263&amp;o=node\"><\/p>\n\n\n\n<p>As esta\u00e7\u00f5es meteorol\u00f3gicas autom\u00e1ticas do Centro de Gerenciamento de Emerg\u00eancias (CGE) registraram 16\u00b0C, em m\u00e9dia, e a umidade relativa do ar oscilou em torno dos 95% na maioria dos bairros paulistanos. Imagens do radar meteorol\u00f3gico mostraram chuva fraca no extremo da zona sul e em munic\u00edpios do litoral norte, por\u00e9m, n\u00e3o s\u00e3o esperadas chuvas significativas para a capital paulista.&nbsp;<\/p>\n\n\n\n<p>De acordo com o Climatempo, a atua\u00e7\u00e3o de um ciclone no oceano provocou uma mudan\u00e7a na dire\u00e7\u00e3o dos ventos em S\u00e3o Paulo desde o fim de semana. Os ventos passaram a soprar do mar para o continente, trazendo um ar mais frio e \u00famido para as \u00e1reas do sul e do leste do estado. Com isso, al\u00e9m do aumento da chuva, a temperatura diminuiu bastante na Grande S\u00e3o Paulo.<\/p>\n\n\n\n<h2 class=\"wp-block-heading\">Previs\u00e3o<\/h2>\n\n\n\n<p>Na capital, hoje ter\u00e1 muitas nuvens, aberturas de sol e temperatura amena. M\u00ednima de 16\u00b0C e m\u00e1xima de 22\u00b0C. No feriado de quarta-feira (21), o cen\u00e1rio n\u00e3o se altera. Muitas nuvens, aberturas de sol e possibilidade de garoa, principalmente na madrugada e \u00e0 noite. Os term\u00f4metros oscilam entre 15\u00b0C e 22\u00b0C, segundo o CGE.<\/p>\n\n\n\n<p>Edi\u00e7\u00e3o: Fernando Fraga<\/p>\n","protected":false},"excerpt":{"rendered":"<p>Dia de hoje ser\u00e1 com temperatura amena Por Ludmilla Souza &#8211; Rep\u00f3rter da Ag\u00eancia Brasil<\/p>\n","protected":false},"author":2,"featured_media":13203,"comment_status":"open","ping_status":"open","sticky":false,"template":"","format":"standard","meta":{"footnotes":""},"categories":[17],"tags":[],"class_list":["post-13202","post","type-post","status-publish","format-standard","has-post-thumbnail","hentry","category-outras-noticias"],"_links":{"self":[{"href":"https:\/\/tvc16.com\/portal\/wp-json\/wp\/v2\/posts\/13202","targetHints":{"allow":["GET"]}}],"collection":[{"href":"https:\/\/tvc16.com\/portal\/wp-json\/wp\/v2\/posts"}],"about":[{"href":"https:\/\/tvc16.com\/portal\/wp-json\/wp\/v2\/types\/post"}],"author":[{"embeddable":true,"href":"https:\/\/tvc16.com\/portal\/wp-json\/wp\/v2\/users\/2"}],"replies":[{"embeddable":true,"href":"https:\/\/tvc16.com\/portal\/wp-json\/wp\/v2\/comments?post=13202"}],"version-history":[{"count":1,"href":"https:\/\/tvc16.com\/portal\/wp-json\/wp\/v2\/posts\/13202\/revisions"}],"predecessor-version":[{"id":13204,"href":"https:\/\/tvc16.com\/portal\/wp-json\/wp\/v2\/posts\/13202\/revisions\/13204"}],"wp:featuredmedia":[{"embeddable":true,"href":"https:\/\/tvc16.com\/portal\/wp-json\/wp\/v2\/media\/13203"}],"wp:attachment":[{"href":"https:\/\/tvc16.com\/portal\/wp-json\/wp\/v2\/media?parent=13202"}],"wp:term":[{"taxonomy":"category","embeddable":true,"href":"https:\/\/tvc16.com\/portal\/wp-json\/wp\/v2\/categories?post=13202"},{"taxonomy":"post_tag","embeddable":true,"href":"https:\/\/tvc16.com\/portal\/wp-json\/wp\/v2\/tags?post=13202"}],"curies":[{"name":"wp","href":"https:\/\/api.w.org\/{rel}","templated":true}]}}