{"id":13205,"date":"2021-04-20T11:35:32","date_gmt":"2021-04-20T14:35:32","guid":{"rendered":"https:\/\/tvc16.com\/portal\/?p=13205"},"modified":"2021-04-20T11:35:34","modified_gmt":"2021-04-20T14:35:34","slug":"pf-deflagra-operacao-contra-desvios-no-combate-a-covid-19","status":"publish","type":"post","link":"https:\/\/tvc16.com\/portal\/2021\/04\/20\/pf-deflagra-operacao-contra-desvios-no-combate-a-covid-19\/","title":{"rendered":"PF deflagra opera\u00e7\u00e3o contra desvios no combate \u00e0 covid-19"},"content":{"rendered":"\n<h3 class=\"wp-block-heading\">A\u00e7\u00f5es t\u00eam como alvo tr\u00eas munic\u00edpios de S\u00e3o Paulo<\/h3>\n\n\n\n<h4 class=\"wp-block-heading\">Por Daniel Mello &#8211; Rep\u00f3rter da Ag\u00eancia Brasil &#8211; S\u00e3o Paulo<\/h4>\n\n\n\n<p>A Pol\u00edcia Federal (PF) cumpre&nbsp;hoje&nbsp;(20) mandados de pris\u00e3o contra cinco pessoas e 38 ordens de busca e apreens\u00e3o na Opera\u00e7\u00e3o Cont\u00e1gio, que apura o desvio de recursos p\u00fabicos destinados ao combate da covid-19. Os mandados foram cumpridos nos estados de S\u00e3o Paulo, Rio&nbsp;de Janeiro&nbsp;e Minas Gerais.<img decoding=\"async\" src=\"https:\/\/agenciabrasil.ebc.com.br\/ebc.png?id=1407259&amp;o=node\"><img decoding=\"async\" src=\"https:\/\/agenciabrasil.ebc.com.br\/ebc.gif?id=1407259&amp;o=node\"><\/p>\n\n\n\n<p>As a\u00e7\u00f5es t\u00eam como alvo os munic\u00edpios de Hortol\u00e2ndia (interior paulista), Embu das Artes e Itapecerica da Serra, esse dois \u00faltimos na Grande S\u00e3o Paulo. A investiga\u00e7\u00e3o foi iniciada a partir de informa\u00e7\u00f5es fornecidas pela Controladoria Geral da Uni\u00e3o que indicam que esses munic\u00edpios contrataram uma organiza\u00e7\u00e3o social (OS) sem capacidade t\u00e9cnica para presta\u00e7\u00e3o de servi\u00e7os na \u00e1ra da sa\u00fade.<\/p>\n\n\n\n<p>Segundo a PF, os contratos sob investiga\u00e7\u00e3o t\u00eam um valor total de mais de R$ 100 milh\u00f5es. Alguns desses contratos foram assinados de forma emergencial para atender os pacientes de covid-19.<\/p>\n\n\n\n<p>De acordo com as investiga\u00e7\u00f5es, a OS subcontratou empresas rec\u00e9m-criadas, tamb\u00e9m sem experi\u00eancia na \u00e1rea, para a execu\u00e7\u00e3o dos servi\u00e7os demandados pelos munic\u00edpios. A partir dessas empresas foram sacados em dinheiro R$ 18 milh\u00f5es, em retiradas fracionadas, segundo a PF, para burlar os mecanismos de controle.<\/p>\n\n\n\n<p>Ainda de acordo com a pol\u00edcia, os saques eram feitos sob escolta de um guarda civil municipal, que tamb\u00e9m era s\u00f3cio de uma das empresas.<\/p>\n\n\n\n<p>Edi\u00e7\u00e3o: Maria Claudia<\/p>\n","protected":false},"excerpt":{"rendered":"<p>A\u00e7\u00f5es t\u00eam como alvo tr\u00eas munic\u00edpios de S\u00e3o Paulo Por Daniel Mello &#8211; Rep\u00f3rter da<\/p>\n","protected":false},"author":2,"featured_media":13206,"comment_status":"open","ping_status":"open","sticky":false,"template":"","format":"standard","meta":{"footnotes":""},"categories":[17],"tags":[],"class_list":["post-13205","post","type-post","status-publish","format-standard","has-post-thumbnail","hentry","category-outras-noticias"],"_links":{"self":[{"href":"https:\/\/tvc16.com\/portal\/wp-json\/wp\/v2\/posts\/13205","targetHints":{"allow":["GET"]}}],"collection":[{"href":"https:\/\/tvc16.com\/portal\/wp-json\/wp\/v2\/posts"}],"about":[{"href":"https:\/\/tvc16.com\/portal\/wp-json\/wp\/v2\/types\/post"}],"author":[{"embeddable":true,"href":"https:\/\/tvc16.com\/portal\/wp-json\/wp\/v2\/users\/2"}],"replies":[{"embeddable":true,"href":"https:\/\/tvc16.com\/portal\/wp-json\/wp\/v2\/comments?post=13205"}],"version-history":[{"count":1,"href":"https:\/\/tvc16.com\/portal\/wp-json\/wp\/v2\/posts\/13205\/revisions"}],"predecessor-version":[{"id":13207,"href":"https:\/\/tvc16.com\/portal\/wp-json\/wp\/v2\/posts\/13205\/revisions\/13207"}],"wp:featuredmedia":[{"embeddable":true,"href":"https:\/\/tvc16.com\/portal\/wp-json\/wp\/v2\/media\/13206"}],"wp:attachment":[{"href":"https:\/\/tvc16.com\/portal\/wp-json\/wp\/v2\/media?parent=13205"}],"wp:term":[{"taxonomy":"category","embeddable":true,"href":"https:\/\/tvc16.com\/portal\/wp-json\/wp\/v2\/categories?post=13205"},{"taxonomy":"post_tag","embeddable":true,"href":"https:\/\/tvc16.com\/portal\/wp-json\/wp\/v2\/tags?post=13205"}],"curies":[{"name":"wp","href":"https:\/\/api.w.org\/{rel}","templated":true}]}}