{"id":13208,"date":"2021-04-20T13:59:23","date_gmt":"2021-04-20T16:59:23","guid":{"rendered":"https:\/\/tvc16.com\/portal\/?p=13208"},"modified":"2021-04-20T13:59:25","modified_gmt":"2021-04-20T16:59:25","slug":"apos-feriados-terem-sido-antecipados-comercio-funciona-normalmente-nos-dias-21-e-23","status":"publish","type":"post","link":"https:\/\/tvc16.com\/portal\/2021\/04\/20\/apos-feriados-terem-sido-antecipados-comercio-funciona-normalmente-nos-dias-21-e-23\/","title":{"rendered":"Ap\u00f3s feriados terem sido antecipados com\u00e9rcio funciona normalmente nos dias 21 e 23"},"content":{"rendered":"\n<p>Em fun\u00e7\u00e3o da antecipa\u00e7\u00e3o dos feriados de 21 de abril (Tiradentes) e 23 de abril (S\u00e3o Jorge) no Estado do Rio de Janeiro para mar\u00e7o (Lei 9.224\/21), o com\u00e9rcio funcionar\u00e1 normalmente nas datas citadas.<\/p>\n\n\n\n<p>Em Petr\u00f3polis os empres\u00e1rios tiveram a op\u00e7\u00e3o de funcionar seguindo as regras acordadas entre o Sindicato do Com\u00e9rcio Varejista de Petr\u00f3polis (Sicom\u00e9rcio) e o Sindicato dos Empregados no Com\u00e9rcio de Petr\u00f3polis (SECP) em Conven\u00e7\u00e3o Coletiva do Trabalho. E agora seguem com funcionamento normal nos dias 21 e 23 de abril.<\/p>\n\n\n\n<p>A cria\u00e7\u00e3o do recesso sanit\u00e1rio de 10 dias (de 26 de mar\u00e7o a 04 de abril) foi publicado no Di\u00e1rio Oficial do Estado. O objetivo era tentar frear a dissemina\u00e7\u00e3o do novo coronav\u00edrus.<\/p>\n","protected":false},"excerpt":{"rendered":"<p>Em fun\u00e7\u00e3o da antecipa\u00e7\u00e3o dos feriados de 21 de abril (Tiradentes) e 23 de abril<\/p>\n","protected":false},"author":2,"featured_media":13209,"comment_status":"open","ping_status":"open","sticky":false,"template":"","format":"standard","meta":{"footnotes":""},"categories":[12],"tags":[],"class_list":["post-13208","post","type-post","status-publish","format-standard","has-post-thumbnail","hentry","category-cidade"],"_links":{"self":[{"href":"https:\/\/tvc16.com\/portal\/wp-json\/wp\/v2\/posts\/13208","targetHints":{"allow":["GET"]}}],"collection":[{"href":"https:\/\/tvc16.com\/portal\/wp-json\/wp\/v2\/posts"}],"about":[{"href":"https:\/\/tvc16.com\/portal\/wp-json\/wp\/v2\/types\/post"}],"author":[{"embeddable":true,"href":"https:\/\/tvc16.com\/portal\/wp-json\/wp\/v2\/users\/2"}],"replies":[{"embeddable":true,"href":"https:\/\/tvc16.com\/portal\/wp-json\/wp\/v2\/comments?post=13208"}],"version-history":[{"count":1,"href":"https:\/\/tvc16.com\/portal\/wp-json\/wp\/v2\/posts\/13208\/revisions"}],"predecessor-version":[{"id":13210,"href":"https:\/\/tvc16.com\/portal\/wp-json\/wp\/v2\/posts\/13208\/revisions\/13210"}],"wp:featuredmedia":[{"embeddable":true,"href":"https:\/\/tvc16.com\/portal\/wp-json\/wp\/v2\/media\/13209"}],"wp:attachment":[{"href":"https:\/\/tvc16.com\/portal\/wp-json\/wp\/v2\/media?parent=13208"}],"wp:term":[{"taxonomy":"category","embeddable":true,"href":"https:\/\/tvc16.com\/portal\/wp-json\/wp\/v2\/categories?post=13208"},{"taxonomy":"post_tag","embeddable":true,"href":"https:\/\/tvc16.com\/portal\/wp-json\/wp\/v2\/tags?post=13208"}],"curies":[{"name":"wp","href":"https:\/\/api.w.org\/{rel}","templated":true}]}}