{"id":13212,"date":"2021-04-20T15:41:59","date_gmt":"2021-04-20T18:41:59","guid":{"rendered":"https:\/\/tvc16.com\/portal\/?p=13212"},"modified":"2021-04-20T16:06:10","modified_gmt":"2021-04-20T19:06:10","slug":"pelo-segundo-ano-consecutivo-rua-teresa-participa-da-semana-fashion-revolution","status":"publish","type":"post","link":"https:\/\/tvc16.com\/portal\/2021\/04\/20\/pelo-segundo-ano-consecutivo-rua-teresa-participa-da-semana-fashion-revolution\/","title":{"rendered":"Pelo segundo ano consecutivo, Rua Teresa participa da semana Fashion Revolution"},"content":{"rendered":"\n<p><strong>Movimento global repensa o mercado da moda<\/strong><\/p>\n\n\n\n<p><br>A Rua Teresa, um dos maiores e mais importantes polos de moda do estado do Rio de Janeiro, abra\u00e7ou, mais uma vez, o movimento global&nbsp;<em>Fashion Revolution<\/em>. Acontecendo em diferentes pa\u00edses, simultaneamente, a ideia \u00e9 trazer mais consci\u00eancia aos consumidores de moda sobre os impactos socioambientais do setor, incentivar a transpar\u00eancia do processo de produ\u00e7\u00e3o, fomentar a sustentabilidade, al\u00e9m de celebrar as pessoas que produzem as roupas.<\/p>\n\n\n\n<p>\u201cO processo de fabrica\u00e7\u00e3o de uma cole\u00e7\u00e3o \u00e9 pensado, no m\u00ednimo, um ano antes das pe\u00e7as chegarem \u00e0s lojas. Pesquisar tend\u00eancias, tecidos e principalmente entender o contexto global e regional do seu nicho de mercado s\u00e3o etapas importantes para se definir o tema e executar o trabalho. As quest\u00f5es sociais e ambientais influenciam diretamente no que voc\u00ea vai consumir nas lojas. E ser transparente nesse processo nos aproxima dos clientes e refor\u00e7a o quanto o com\u00e9rcio local tem representatividade. Participar mais um ano desse movimento mostra a preocupa\u00e7\u00e3o das marcas da Rua Teresa em reavaliar processos para causar o menor impacto poss\u00edvel no mundo\u201d, afirma Denise Fiorini, presidente da Associa\u00e7\u00e3o da Rua Teresa (ARTE).<\/p>\n\n\n\n<p>At\u00e9 sexta-feira (23) a Rua Teresa vai expor, nas redes sociais, uma s\u00e9rie&nbsp;de&nbsp;provoca\u00e7\u00f5es e esclarecimentos sobre os processos envolvidos na fabrica\u00e7\u00e3o das pe\u00e7as comercializadas na Rua. A exemplo do que aconteceu na edi\u00e7\u00e3o passada a ARTE decidiu aderir ao movimento pela web, e tudo acontece no perfil do Instagram @ruateresaoficial.<\/p>\n\n\n\n<p>Promovendo reflex\u00f5es como \u201cDe onde vem minhas roupas?\u201d, \u201cO que \u00e9&nbsp;<em>slow fashion<\/em>&nbsp;e&nbsp;<em>fast fashion<\/em>?\u201d, expondo o processo produtivo nas confec\u00e7\u00f5es e revelando atitudes sustent\u00e1veis das marcas, a&nbsp;<em>Rua<\/em>&nbsp;quer mostrar que a moda \u00e9 uma importante engrenagem na economia de uma cidade e que o com\u00e9rcio local precisa ser conhecido e valorizado.<\/p>\n\n\n\n<p>\u201cAt\u00e9 o ponto em que a roupa est\u00e1 na arara da loja ou dispon\u00edvel no e-commerce existe um longo percurso. Ao mostrarmos quem faz aquela pe\u00e7a, como ela foi pensada e confeccionada, aproximamos esse cliente da cadeia produtiva daquela marca. Isso humaniza o processo e revela o quanto \u00e9 importante priorizarmos e valorizarmos o com\u00e9rcio local. S\u00e3o muitas pessoas que dependem desse mercado. Sabendo de todo esse caminho, entendemos o quanto de carinho e dedica\u00e7\u00e3o foram empenhados em cada etapa\u201d, revela Nathalia Neumann Duriez Mendes, empres\u00e1ria da Rua Teresa e respons\u00e1vel pela comunica\u00e7\u00e3o institucional da ARTE.<\/p>\n\n\n\n<p>Para acompanhar todas as a\u00e7\u00f5es que a Rua Teresa est\u00e1 promovendo durante a semana\u00a0<em>Fashion Revolution<\/em>\u00a0(19 a 23 de abril de 2021) basta ir ao perfil @ruateresaoficial.<\/p>\n\n\n\n<p><strong>Como nasceu o Fashion Revolution?<\/strong><\/p>\n\n\n\n<p>O movimento foi criado ap\u00f3s um conselho global de profissionais da moda se sensibilizar com o desabamento do edif\u00edcio Rana Plaza em Bangladesh, que causou a morte de 1.134 trabalhadores da ind\u00fastria de confec\u00e7\u00e3o e deixou mais de 2.500 feridos. A trag\u00e9dia aconteceu no dia 24 de abril de 2013, e as v\u00edtimas trabalhavam para marcas globais, em condi\u00e7\u00f5es an\u00e1logas \u00e0 escravid\u00e3o.<\/p>\n\n\n\n<p>Realizado inicialmente no dia 24 de abril, o&nbsp;<em>Fashion Revolution Day<\/em>&nbsp;ganhou for\u00e7a e hoje tornou-se a Semana&nbsp;<em>Fashion Revolution<\/em>, que conta com atividades promovidas por n\u00facleos volunt\u00e1rios, em mais de 100 pa\u00edses.<\/p>\n","protected":false},"excerpt":{"rendered":"<p>Movimento global repensa o mercado da moda A Rua Teresa, um dos maiores e mais<\/p>\n","protected":false},"author":2,"featured_media":13213,"comment_status":"open","ping_status":"open","sticky":false,"template":"","format":"standard","meta":{"footnotes":""},"categories":[12],"tags":[],"class_list":["post-13212","post","type-post","status-publish","format-standard","has-post-thumbnail","hentry","category-cidade"],"_links":{"self":[{"href":"https:\/\/tvc16.com\/portal\/wp-json\/wp\/v2\/posts\/13212","targetHints":{"allow":["GET"]}}],"collection":[{"href":"https:\/\/tvc16.com\/portal\/wp-json\/wp\/v2\/posts"}],"about":[{"href":"https:\/\/tvc16.com\/portal\/wp-json\/wp\/v2\/types\/post"}],"author":[{"embeddable":true,"href":"https:\/\/tvc16.com\/portal\/wp-json\/wp\/v2\/users\/2"}],"replies":[{"embeddable":true,"href":"https:\/\/tvc16.com\/portal\/wp-json\/wp\/v2\/comments?post=13212"}],"version-history":[{"count":3,"href":"https:\/\/tvc16.com\/portal\/wp-json\/wp\/v2\/posts\/13212\/revisions"}],"predecessor-version":[{"id":13216,"href":"https:\/\/tvc16.com\/portal\/wp-json\/wp\/v2\/posts\/13212\/revisions\/13216"}],"wp:featuredmedia":[{"embeddable":true,"href":"https:\/\/tvc16.com\/portal\/wp-json\/wp\/v2\/media\/13213"}],"wp:attachment":[{"href":"https:\/\/tvc16.com\/portal\/wp-json\/wp\/v2\/media?parent=13212"}],"wp:term":[{"taxonomy":"category","embeddable":true,"href":"https:\/\/tvc16.com\/portal\/wp-json\/wp\/v2\/categories?post=13212"},{"taxonomy":"post_tag","embeddable":true,"href":"https:\/\/tvc16.com\/portal\/wp-json\/wp\/v2\/tags?post=13212"}],"curies":[{"name":"wp","href":"https:\/\/api.w.org\/{rel}","templated":true}]}}