{"id":13217,"date":"2021-04-20T17:43:40","date_gmt":"2021-04-20T20:43:40","guid":{"rendered":"https:\/\/tvc16.com\/portal\/?p=13217"},"modified":"2021-04-20T17:43:42","modified_gmt":"2021-04-20T20:43:42","slug":"convenio-do-municipio-com-a-uff-permanece","status":"publish","type":"post","link":"https:\/\/tvc16.com\/portal\/2021\/04\/20\/convenio-do-municipio-com-a-uff-permanece\/","title":{"rendered":"Conv\u00eanio do munic\u00edpio com a UFF permanece"},"content":{"rendered":"\n<p>Incentivo \u00e0 cria\u00e7\u00e3o de projetos acad\u00eamicos e a coopera\u00e7\u00e3o t\u00e9cnica entre a prefeitura e a Universidade Federal Fluminense (UFF). Nesta ter\u00e7a-feira (20\/04), o prefeito interino Hingo Hammes esteve reunido com Anibal Alberto Vilcapoma Ignacio, diretor da institui\u00e7\u00e3o em Petr\u00f3polis, garantindo a continuidade da parceria do munic\u00edpio com a universidade. Hammes confirmou o apoio do governo municipal ao funcionamento do campus, que fica no Quitandinha.<\/p>\n\n\n\n<p>Durante o encontro, o prefeito interino visitou a estrutura da UFF, que foi a primeira universidade p\u00fablica federal instalada na cidade. \u201cQueremos aproximar os estudantes das empresas da cidade. Precisamos que os nossos jovens entrem no mercado de trabalho. A reuni\u00e3o foi \u00f3tima\u201d, disse Hingo Hammes.<\/p>\n\n\n\n<p>A ideia \u00e9 que os estudantes auxiliem o munic\u00edpio na constru\u00e7\u00e3o de projetos e solu\u00e7\u00f5es que s\u00e3o desafios, tamb\u00e9m, para o poder p\u00fablico. A universidade conta com mais de 300 alunos no curso de gradua\u00e7\u00e3o em Engenharia de Produ\u00e7\u00e3o.<\/p>\n\n\n\n<p>&#8220;Nossos estudantes podem ajudar a prefeitura nos mais diversos setores. Queremos dar o suporte para o governo evoluir e melhorar, agilizando seus processos administrativos&#8221;, disse Anibal Ignacio.<\/p>\n\n\n\n<p>Os poss\u00edveis projetos devem promover, com os estudantes, atividades de aprendizagem social, profissional e cultural, compat\u00edveis com a disciplina que estiverem cursando. \u201cEsse \u00e9 um campus pioneiro, estamos cumprindo com a nossa tarefa de formar profissionais atentos a necessidade do mercado e da sociedade\u201d, completou Anibal.<\/p>\n","protected":false},"excerpt":{"rendered":"<p>Incentivo \u00e0 cria\u00e7\u00e3o de projetos acad\u00eamicos e a coopera\u00e7\u00e3o t\u00e9cnica entre a prefeitura e a<\/p>\n","protected":false},"author":2,"featured_media":13218,"comment_status":"open","ping_status":"open","sticky":false,"template":"","format":"standard","meta":{"footnotes":""},"categories":[12],"tags":[],"class_list":["post-13217","post","type-post","status-publish","format-standard","has-post-thumbnail","hentry","category-cidade"],"_links":{"self":[{"href":"https:\/\/tvc16.com\/portal\/wp-json\/wp\/v2\/posts\/13217","targetHints":{"allow":["GET"]}}],"collection":[{"href":"https:\/\/tvc16.com\/portal\/wp-json\/wp\/v2\/posts"}],"about":[{"href":"https:\/\/tvc16.com\/portal\/wp-json\/wp\/v2\/types\/post"}],"author":[{"embeddable":true,"href":"https:\/\/tvc16.com\/portal\/wp-json\/wp\/v2\/users\/2"}],"replies":[{"embeddable":true,"href":"https:\/\/tvc16.com\/portal\/wp-json\/wp\/v2\/comments?post=13217"}],"version-history":[{"count":1,"href":"https:\/\/tvc16.com\/portal\/wp-json\/wp\/v2\/posts\/13217\/revisions"}],"predecessor-version":[{"id":13219,"href":"https:\/\/tvc16.com\/portal\/wp-json\/wp\/v2\/posts\/13217\/revisions\/13219"}],"wp:featuredmedia":[{"embeddable":true,"href":"https:\/\/tvc16.com\/portal\/wp-json\/wp\/v2\/media\/13218"}],"wp:attachment":[{"href":"https:\/\/tvc16.com\/portal\/wp-json\/wp\/v2\/media?parent=13217"}],"wp:term":[{"taxonomy":"category","embeddable":true,"href":"https:\/\/tvc16.com\/portal\/wp-json\/wp\/v2\/categories?post=13217"},{"taxonomy":"post_tag","embeddable":true,"href":"https:\/\/tvc16.com\/portal\/wp-json\/wp\/v2\/tags?post=13217"}],"curies":[{"name":"wp","href":"https:\/\/api.w.org\/{rel}","templated":true}]}}