{"id":13220,"date":"2021-04-20T17:46:24","date_gmt":"2021-04-20T20:46:24","guid":{"rendered":"https:\/\/tvc16.com\/portal\/?p=13220"},"modified":"2021-04-20T17:46:26","modified_gmt":"2021-04-20T20:46:26","slug":"funcionamento-de-setores-da-saude-sera-escalonado-nos-dias-21-e-23-de-abril","status":"publish","type":"post","link":"https:\/\/tvc16.com\/portal\/2021\/04\/20\/funcionamento-de-setores-da-saude-sera-escalonado-nos-dias-21-e-23-de-abril\/","title":{"rendered":"Funcionamento de setores da sa\u00fade ser\u00e1 escalonado nos dias 21 e 23 de abril"},"content":{"rendered":"\n<p>Nesta semana, as equipes da sa\u00fade, que trabalharam ininterruptamente durante todo o per\u00edodo de recesso sanit\u00e1rio, entre o fim de mar\u00e7o e in\u00edcio abril, atuar\u00e3o de forma escalonada nos dias 21 e 23 de abril para atender idosos cadastrados junto \u00e0 Secretaria de Sa\u00fade na vacina\u00e7\u00e3o contra a covid-19. <\/p>\n\n\n\n<p>As unidades de urg\u00eancia e emerg\u00eancia funcionar\u00e3o normalmente. A rede de aten\u00e7\u00e3o b\u00e1sica, inclusive os 39 postos de vacina\u00e7\u00e3o contra a gripe, n\u00e3o funcionar\u00e3o nestas datas. O funcionamento tamb\u00e9m ser\u00e1 normal na quinta-feira (22\/04).<\/p>\n\n\n\n<p>Vale ressaltar que a vacina\u00e7\u00e3o contra a covid-19 nos dias 21 e 23 de abril s\u00f3 ser\u00e1 feita mediante cadastramento.<\/p>\n\n\n\n<p>Hor\u00e1rio: das 9h \u00e0s 16<\/p>\n\n\n\n<p>21\/04: a vacina\u00e7\u00e3o de idosos ser\u00e1 realizada no Clube Palmeira, no Itamarati; na UCP da Benjamin Constant, no Centro (tamb\u00e9m com drive thru); e no Parque Municipal, em Itaipava (tamb\u00e9m com drive thru).<\/p>\n\n\n\n<p>23\/04: a vacina\u00e7\u00e3o de idosos ser\u00e1 realizada no Petropolitano Futebol Clube, no Centro; na Escola Municipal Josemar Contage, em Corr\u00eaas; na \u00e1rea externa do gin\u00e1sio da UCP, no Bingen (tamb\u00e9m com drive thru); e no Hipershopping, no Alto da Serra (tamb\u00e9m com drive thru).<\/p>\n","protected":false},"excerpt":{"rendered":"<p>Nesta semana, as equipes da sa\u00fade, que trabalharam ininterruptamente durante todo o per\u00edodo de recesso<\/p>\n","protected":false},"author":2,"featured_media":13062,"comment_status":"open","ping_status":"open","sticky":false,"template":"","format":"standard","meta":{"footnotes":""},"categories":[12],"tags":[],"class_list":["post-13220","post","type-post","status-publish","format-standard","has-post-thumbnail","hentry","category-cidade"],"_links":{"self":[{"href":"https:\/\/tvc16.com\/portal\/wp-json\/wp\/v2\/posts\/13220","targetHints":{"allow":["GET"]}}],"collection":[{"href":"https:\/\/tvc16.com\/portal\/wp-json\/wp\/v2\/posts"}],"about":[{"href":"https:\/\/tvc16.com\/portal\/wp-json\/wp\/v2\/types\/post"}],"author":[{"embeddable":true,"href":"https:\/\/tvc16.com\/portal\/wp-json\/wp\/v2\/users\/2"}],"replies":[{"embeddable":true,"href":"https:\/\/tvc16.com\/portal\/wp-json\/wp\/v2\/comments?post=13220"}],"version-history":[{"count":1,"href":"https:\/\/tvc16.com\/portal\/wp-json\/wp\/v2\/posts\/13220\/revisions"}],"predecessor-version":[{"id":13222,"href":"https:\/\/tvc16.com\/portal\/wp-json\/wp\/v2\/posts\/13220\/revisions\/13222"}],"wp:featuredmedia":[{"embeddable":true,"href":"https:\/\/tvc16.com\/portal\/wp-json\/wp\/v2\/media\/13062"}],"wp:attachment":[{"href":"https:\/\/tvc16.com\/portal\/wp-json\/wp\/v2\/media?parent=13220"}],"wp:term":[{"taxonomy":"category","embeddable":true,"href":"https:\/\/tvc16.com\/portal\/wp-json\/wp\/v2\/categories?post=13220"},{"taxonomy":"post_tag","embeddable":true,"href":"https:\/\/tvc16.com\/portal\/wp-json\/wp\/v2\/tags?post=13220"}],"curies":[{"name":"wp","href":"https:\/\/api.w.org\/{rel}","templated":true}]}}