{"id":13223,"date":"2021-04-20T17:57:22","date_gmt":"2021-04-20T20:57:22","guid":{"rendered":"https:\/\/tvc16.com\/portal\/?p=13223"},"modified":"2021-04-20T17:59:35","modified_gmt":"2021-04-20T20:59:35","slug":"atualizacao-de-decretos-autoriza-novamente-funcionamento-de-pontos-turisticos","status":"publish","type":"post","link":"https:\/\/tvc16.com\/portal\/2021\/04\/20\/atualizacao-de-decretos-autoriza-novamente-funcionamento-de-pontos-turisticos\/","title":{"rendered":"Atualiza\u00e7\u00e3o de decretos autoriza novamente funcionamento de pontos tur\u00edsticos"},"content":{"rendered":"\n<p>Foto: Parnaso.tur<\/p>\n\n\n\n<p>O decreto divulgado nesta segunda-feira (19) pela prefeitura possibilitou a reabertura de pontos tur\u00edsticos (p\u00fablicos ou privados), al\u00e9m de parques, cachoeiras e museus. Apesar disso, o documento destaca que \u00e9 necess\u00e1rio respeitar o distanciamento de 1,5m. Al\u00e9m disso, os protocolos sanit\u00e1rios devem continuar sendo adotados, vedando ainda qualquer tipo de aglomera\u00e7\u00e3o.<\/p>\n\n\n\n<p>Diante da not\u00edcia, hoje (20), o Museu de Cera j\u00e1 reabriu. O local exige o cumprimento de todas as medidas de seguran\u00e7a, por parte dos visitantes, e est\u00e1 funcionando de segunda a sexta, de 10h \u00e0s 17h. Aos s\u00e1bados, o Museu de Cera funciona at\u00e9 \u00e0s 18h. Vale destacar que a visita\u00e7\u00e3o por sala est\u00e1 limitada ao n\u00famero de quatro pessoas (exceto quando da mesma fam\u00edlia) e o uso de m\u00e1scara \u00e9 obrigat\u00f3rio no momento das fotos com as pe\u00e7as.<\/p>\n\n\n\n<p>J\u00e1 o Museu Imperial voltar\u00e1 nesta quarta-feira (21) a dar acesso aos visitantes aos jardins (de 8h \u00e0s 17h), loja do pal\u00e1cio e a cafeteria (de 10h \u00e0s 18h). Totens de \u00e1lcool em gel ser\u00e3o disponibilizados nos jardins, dentro da loja e da cafeteria para higieniza\u00e7\u00e3o das m\u00e3os.<\/p>\n\n\n\n<p>Para quem ama a natureza o destaque para a retomada das visita\u00e7\u00f5es vai para a sede de Petr\u00f3polis do Parque Nacional da Serra dos \u00d3rg\u00e3os (PARNASO), no Bonfin. O local tamb\u00e9m reabriu hoje (20). A visita\u00e7\u00e3o nas trilhas de montanha pode ser feita 8h \u00e0s 17h, mas permanece proibido pernoitar no local.<\/p>\n\n\n\n<p>J\u00e1 os parques municipais, atrativos tur\u00edsticos e centros culturais administrados pelo munic\u00edpio permanecer\u00e3o fechados, segundo a prefeitura.<\/p>\n","protected":false},"excerpt":{"rendered":"<p>Foto: Parnaso.tur O decreto divulgado nesta segunda-feira (19) pela prefeitura possibilitou a reabertura de pontos<\/p>\n","protected":false},"author":2,"featured_media":13226,"comment_status":"open","ping_status":"open","sticky":false,"template":"","format":"standard","meta":{"footnotes":""},"categories":[12],"tags":[],"class_list":["post-13223","post","type-post","status-publish","format-standard","has-post-thumbnail","hentry","category-cidade"],"_links":{"self":[{"href":"https:\/\/tvc16.com\/portal\/wp-json\/wp\/v2\/posts\/13223","targetHints":{"allow":["GET"]}}],"collection":[{"href":"https:\/\/tvc16.com\/portal\/wp-json\/wp\/v2\/posts"}],"about":[{"href":"https:\/\/tvc16.com\/portal\/wp-json\/wp\/v2\/types\/post"}],"author":[{"embeddable":true,"href":"https:\/\/tvc16.com\/portal\/wp-json\/wp\/v2\/users\/2"}],"replies":[{"embeddable":true,"href":"https:\/\/tvc16.com\/portal\/wp-json\/wp\/v2\/comments?post=13223"}],"version-history":[{"count":1,"href":"https:\/\/tvc16.com\/portal\/wp-json\/wp\/v2\/posts\/13223\/revisions"}],"predecessor-version":[{"id":13225,"href":"https:\/\/tvc16.com\/portal\/wp-json\/wp\/v2\/posts\/13223\/revisions\/13225"}],"wp:featuredmedia":[{"embeddable":true,"href":"https:\/\/tvc16.com\/portal\/wp-json\/wp\/v2\/media\/13226"}],"wp:attachment":[{"href":"https:\/\/tvc16.com\/portal\/wp-json\/wp\/v2\/media?parent=13223"}],"wp:term":[{"taxonomy":"category","embeddable":true,"href":"https:\/\/tvc16.com\/portal\/wp-json\/wp\/v2\/categories?post=13223"},{"taxonomy":"post_tag","embeddable":true,"href":"https:\/\/tvc16.com\/portal\/wp-json\/wp\/v2\/tags?post=13223"}],"curies":[{"name":"wp","href":"https:\/\/api.w.org\/{rel}","templated":true}]}}