{"id":13236,"date":"2021-04-21T10:32:55","date_gmt":"2021-04-21T13:32:55","guid":{"rendered":"https:\/\/tvc16.com\/portal\/?p=13236"},"modified":"2021-04-21T10:32:57","modified_gmt":"2021-04-21T13:32:57","slug":"policia-militar-celebra-a-importancia-do-dia-de-tiradentes","status":"publish","type":"post","link":"https:\/\/tvc16.com\/portal\/2021\/04\/21\/policia-militar-celebra-a-importancia-do-dia-de-tiradentes\/","title":{"rendered":"Pol\u00edcia Militar celebra a import\u00e2ncia do Dia de Tiradentes"},"content":{"rendered":"\n<p>Hoje (21) \u00e9 celebrado o Dia da Inconfid\u00eancia, popularmente conhecido como Dia de Tiradentes. A data \u00e9 uma homenagem ao her\u00f3i nacional brasileiro Joaquim Jos\u00e9 da Silva Xavier, m\u00e1rtir da Inconfid\u00eancia Mineira. A execu\u00e7\u00e3o de Tiradentes deu-se neste dia, no ano de 1792. O feriado foi criado no ano de 1965. Patrono das Pol\u00edcias Militar e Civil, hoje o 26\u00ba BPM de Petr\u00f3polis publicou uma homenagem em suas redes sociais.<\/p>\n\n\n\n<p>O texto come\u00e7a com uma cita\u00e7\u00e3o: \u201cSe todos quisermos, poderemos fazer deste pa\u00eds uma grande na\u00e7\u00e3o. Vamos faz\u00ea-la\u201d, Tiradentes. Em seguida os militares falam de como s\u00e3o inspirados diariamente no legado deixado pelo patrono. \u201cEstamos dia ap\u00f3s dia nos centros urbanos e nas \u00e1reas mais remotas do estado para servir e proteger a sociedade. Muitas vezes pagando com nosso bem mais valioso, a vida, assim como Tiradentes. Enfrentando criminosos, garantindo a ordem p\u00fablica e, mais recentemente, apoiando as autoridades sanit\u00e1rias. Nossa miss\u00e3o \u00e9 intermin\u00e1vel e imprescind\u00edvel para manter a paz e a democracia. S\u00e3o valores sonhados pelo nosso patrono que lutamos para preservar\u201d, diz o texto.<\/p>\n\n\n\n<p>Com\u00e9rcio funciona normalmente nesta quarta-feira (21)<\/p>\n\n\n\n<p>Apesar de ser feriado nacional, este ano o com\u00e9rcio petropolitano funciona normalmente na data. Isso porque houve em mar\u00e7o a antecipa\u00e7\u00e3o dos feriados de 21 de abril (Tiradentes) e 23 de abril (S\u00e3o Jorge) no Estado do Rio de Janeiro. A cria\u00e7\u00e3o do recesso sanit\u00e1rio de 10 dias (de 26 de mar\u00e7o a 04 de abril), teve como objetivo ajudar a frear a dissemina\u00e7\u00e3o do novo coronav\u00edrus.<\/p>\n","protected":false},"excerpt":{"rendered":"<p>Hoje (21) \u00e9 celebrado o Dia da Inconfid\u00eancia, popularmente conhecido como Dia de Tiradentes. A<\/p>\n","protected":false},"author":2,"featured_media":13237,"comment_status":"open","ping_status":"open","sticky":false,"template":"","format":"standard","meta":{"footnotes":""},"categories":[12],"tags":[],"class_list":["post-13236","post","type-post","status-publish","format-standard","has-post-thumbnail","hentry","category-cidade"],"_links":{"self":[{"href":"https:\/\/tvc16.com\/portal\/wp-json\/wp\/v2\/posts\/13236","targetHints":{"allow":["GET"]}}],"collection":[{"href":"https:\/\/tvc16.com\/portal\/wp-json\/wp\/v2\/posts"}],"about":[{"href":"https:\/\/tvc16.com\/portal\/wp-json\/wp\/v2\/types\/post"}],"author":[{"embeddable":true,"href":"https:\/\/tvc16.com\/portal\/wp-json\/wp\/v2\/users\/2"}],"replies":[{"embeddable":true,"href":"https:\/\/tvc16.com\/portal\/wp-json\/wp\/v2\/comments?post=13236"}],"version-history":[{"count":1,"href":"https:\/\/tvc16.com\/portal\/wp-json\/wp\/v2\/posts\/13236\/revisions"}],"predecessor-version":[{"id":13238,"href":"https:\/\/tvc16.com\/portal\/wp-json\/wp\/v2\/posts\/13236\/revisions\/13238"}],"wp:featuredmedia":[{"embeddable":true,"href":"https:\/\/tvc16.com\/portal\/wp-json\/wp\/v2\/media\/13237"}],"wp:attachment":[{"href":"https:\/\/tvc16.com\/portal\/wp-json\/wp\/v2\/media?parent=13236"}],"wp:term":[{"taxonomy":"category","embeddable":true,"href":"https:\/\/tvc16.com\/portal\/wp-json\/wp\/v2\/categories?post=13236"},{"taxonomy":"post_tag","embeddable":true,"href":"https:\/\/tvc16.com\/portal\/wp-json\/wp\/v2\/tags?post=13236"}],"curies":[{"name":"wp","href":"https:\/\/api.w.org\/{rel}","templated":true}]}}