{"id":13242,"date":"2021-04-21T10:37:56","date_gmt":"2021-04-21T13:37:56","guid":{"rendered":"https:\/\/tvc16.com\/portal\/?p=13242"},"modified":"2021-04-21T10:37:58","modified_gmt":"2021-04-21T13:37:58","slug":"secretaria-de-saude-alerta-para-a-importancia-do-intervalo-entre-vacinas","status":"publish","type":"post","link":"https:\/\/tvc16.com\/portal\/2021\/04\/21\/secretaria-de-saude-alerta-para-a-importancia-do-intervalo-entre-vacinas\/","title":{"rendered":"Secretaria de Sa\u00fade alerta para a import\u00e2ncia do intervalo entre vacinas"},"content":{"rendered":"\n<p>Dispon\u00edvel nos postos de Sa\u00fade desde segunda-feira (19.04), a imuniza\u00e7\u00e3o contra a influenza (v\u00edrus da gripe), que ocorre em paralelo \u00e0 vacina\u00e7\u00e3o contra a covid-19, embora com p\u00fablicos diferentes neste momento, vem gerando d\u00favidas, principalmente quanto ao intervalo entre as vacinas. A Secretaria de Sa\u00fade lembra que, em ambos casos, vem seguindo as orienta\u00e7\u00f5es do Minist\u00e9rio da Sa\u00fade, que prev\u00ea neste momento p\u00fablico diferenciado para as duas vacina\u00e7\u00f5es e intervalo de 15 dias entre as vacinas.<\/p>\n\n\n\n<p>Em rela\u00e7\u00e3o \u00e0 influenza (gripe) que p\u00fablico est\u00e1 sendo vacinado?<\/p>\n\n\n\n<p>Por conta da pandemia, o Minist\u00e9rio da Sa\u00fade iniciou a vacina\u00e7\u00e3o contra a influenza por profissionais de sa\u00fade, gestantes, pu\u00e9rperas (m\u00e3es que tiveram beb\u00ea h\u00e1 at\u00e9 45 dias) e crian\u00e7as maiores de 6 meses e menores de seis anos. Para idosos e professores, a vacina\u00e7\u00e3o ser\u00e1 realizada a partir de 11 de maio.<\/p>\n\n\n\n<p>Que p\u00fablico est\u00e1 sendo vacinado contra a Covid-19?<\/p>\n\n\n\n<p>Atualmente Petr\u00f3polis est\u00e1 vacinando idosos com mais de 66 anos (nesta quarta-feira come\u00e7am tamb\u00e9m pessoas com 64 e 65 anos), acamados com mais de 60 anos, trabalhadores da Sa\u00fade com mais de 50 anos e integrantes de For\u00e7as de Seguran\u00e7a. A Secretaria de Sa\u00fade anunciou na segunda-feira um calend\u00e1rio com escala de vacina\u00e7\u00e3o de idosos at\u00e9 a faixa et\u00e1ria dos 60 anos.<\/p>\n\n\n\n<p>Que vacina devo priorizar? H\u00e1 algum prazo entre as vacinas?<\/p>\n\n\n\n<p>Pessoas que fazem parte do grupo de imuniza\u00e7\u00e3o contra a covid-19, devem priorizar esta vacina. Importante lembrar que o prazo entre as vacinas deve ser de 15 dias.<\/p>\n\n\n\n<p>Como funcionam os prazos entre as vacinas?<\/p>\n\n\n\n<p>No caso da CoronaVac, cuja segunda dose deve ser aplicada no prazo entre 14 e 28 dias ap\u00f3s a primeira dose, a orienta\u00e7\u00e3o \u00e9 para que o ciclo de aplica\u00e7\u00e3o de duas doses seja conclu\u00eddo antes da vacina\u00e7\u00e3o da gripe. Ap\u00f3s a segunda dose da vacina contra a covid-19 deve ser respeitado o prazo de 15 dias para a vacina\u00e7\u00e3o contra a influenza.<\/p>\n\n\n\n<p>No caso da vacina da Oxford\/AstraZeneca, cuja segunda dose deve ser aplicada no prazo de 90 dias ap\u00f3s a primeira, a orienta\u00e7\u00e3o \u00e9 para que a vacina contra a gripe seja aplicada 15 dias ap\u00f3s a primeira dose da vacina da AstraZeneca.<\/p>\n\n\n\n<p>A Secretaria de Sa\u00fade frisa que para a imuniza\u00e7\u00e3o, \u00e9 fundamental a apresenta\u00e7\u00e3o do cart\u00e3o de vacina\u00e7\u00e3o, para que seja poss\u00edvel conferir os prazos entre as vacinas<\/p>\n","protected":false},"excerpt":{"rendered":"<p>Dispon\u00edvel nos postos de Sa\u00fade desde segunda-feira (19.04), a imuniza\u00e7\u00e3o contra a influenza (v\u00edrus da<\/p>\n","protected":false},"author":2,"featured_media":13243,"comment_status":"open","ping_status":"open","sticky":false,"template":"","format":"standard","meta":{"footnotes":""},"categories":[12],"tags":[],"class_list":["post-13242","post","type-post","status-publish","format-standard","has-post-thumbnail","hentry","category-cidade"],"_links":{"self":[{"href":"https:\/\/tvc16.com\/portal\/wp-json\/wp\/v2\/posts\/13242","targetHints":{"allow":["GET"]}}],"collection":[{"href":"https:\/\/tvc16.com\/portal\/wp-json\/wp\/v2\/posts"}],"about":[{"href":"https:\/\/tvc16.com\/portal\/wp-json\/wp\/v2\/types\/post"}],"author":[{"embeddable":true,"href":"https:\/\/tvc16.com\/portal\/wp-json\/wp\/v2\/users\/2"}],"replies":[{"embeddable":true,"href":"https:\/\/tvc16.com\/portal\/wp-json\/wp\/v2\/comments?post=13242"}],"version-history":[{"count":1,"href":"https:\/\/tvc16.com\/portal\/wp-json\/wp\/v2\/posts\/13242\/revisions"}],"predecessor-version":[{"id":13244,"href":"https:\/\/tvc16.com\/portal\/wp-json\/wp\/v2\/posts\/13242\/revisions\/13244"}],"wp:featuredmedia":[{"embeddable":true,"href":"https:\/\/tvc16.com\/portal\/wp-json\/wp\/v2\/media\/13243"}],"wp:attachment":[{"href":"https:\/\/tvc16.com\/portal\/wp-json\/wp\/v2\/media?parent=13242"}],"wp:term":[{"taxonomy":"category","embeddable":true,"href":"https:\/\/tvc16.com\/portal\/wp-json\/wp\/v2\/categories?post=13242"},{"taxonomy":"post_tag","embeddable":true,"href":"https:\/\/tvc16.com\/portal\/wp-json\/wp\/v2\/tags?post=13242"}],"curies":[{"name":"wp","href":"https:\/\/api.w.org\/{rel}","templated":true}]}}