{"id":13249,"date":"2021-04-21T12:01:09","date_gmt":"2021-04-21T15:01:09","guid":{"rendered":"https:\/\/tvc16.com\/portal\/?p=13249"},"modified":"2021-04-21T12:20:18","modified_gmt":"2021-04-21T15:20:18","slug":"chafariz-da-aguia-deteriora-e-precisara-de-restauro","status":"publish","type":"post","link":"https:\/\/tvc16.com\/portal\/2021\/04\/21\/chafariz-da-aguia-deteriora-e-precisara-de-restauro\/","title":{"rendered":"Chafariz da \u00c1guia deteriora e precisar\u00e1 de restauro"},"content":{"rendered":"\n<p>A falta de manuten\u00e7\u00e3o do Chafariz da \u00c1guia, monumento localizado na Pra\u00e7a Visconde de Mau\u00e1, no Centro, e considerado um dos pontos tur\u00edsticos de Petr\u00f3polis, tem chamado a aten\u00e7\u00e3o de quem circula no local. Na manh\u00e3 de hoje (21), uma foto feita por Evaldo Macedo mostrou em detalhes como a obra esta deteriorada. Partes da cobra e do bico da \u00e1guia est\u00e3o destru\u00eddas, o que levantou a hip\u00f3tese de vandalismo, teoria que foi descartada pela prefeitura. De acordo com o munic\u00edpio, h\u00e1 cerca de 15 dias uma parte da est\u00e1tua caiu devido as a\u00e7\u00f5es do tempo.<\/p>\n\n\n\n<p>Diante disso, ser\u00e1 necess\u00e1rio restaurar o monumento, recuperando n\u00e3o s\u00f3 a parte externa, mas tamb\u00e9m a estrutura. \u201cEm vistoria, t\u00e9cnicos constataram que a ferragem, antiga, que sustenta a parte superior da \u00e1guia, est\u00e1 deteriorada. As equipes j\u00e1 acionaram o Instituto do Patrim\u00f4nio Hist\u00f3rico e Art\u00edstico Nacional (Iphan), dando in\u00edcio aos tr\u00e2mites necess\u00e1rios para levantamento do servi\u00e7o a ser feito no local, que exigir\u00e1 m\u00e3o-de-obra especializada para reparos tantos externos quanto na base estrutural.\u201d, disse a assessoria de comunica\u00e7\u00e3o do munic\u00edpio.<\/p>\n\n\n\n<p>O chafariz da \u00c1guia foi constru\u00eddo por resolu\u00e7\u00e3o da C\u00e2mara Municipal de Petr\u00f3polis tomada em sess\u00e3o de 28 de Janeiro de 1889. O monumento significa a luta de morte entre a \u00e1guia e a cobra em frente ao Pa\u00e7o Municipal. O construtor da obra e prov\u00e1vel idealizador do chafariz foi o arquiteto Heitor Levy. O seu projeto foi alterado em 1944 por Roberto Burle Marx, mas depois voltou \u00e0s suas caracter\u00edsticas anteriores.<\/p>\n\n\n\n<p>Foto: Evaldo Macedo<\/p>\n","protected":false},"excerpt":{"rendered":"<p>A falta de manuten\u00e7\u00e3o do Chafariz da \u00c1guia, monumento localizado na Pra\u00e7a Visconde de Mau\u00e1,<\/p>\n","protected":false},"author":2,"featured_media":13250,"comment_status":"open","ping_status":"open","sticky":false,"template":"","format":"standard","meta":{"footnotes":""},"categories":[12],"tags":[],"class_list":["post-13249","post","type-post","status-publish","format-standard","has-post-thumbnail","hentry","category-cidade"],"_links":{"self":[{"href":"https:\/\/tvc16.com\/portal\/wp-json\/wp\/v2\/posts\/13249","targetHints":{"allow":["GET"]}}],"collection":[{"href":"https:\/\/tvc16.com\/portal\/wp-json\/wp\/v2\/posts"}],"about":[{"href":"https:\/\/tvc16.com\/portal\/wp-json\/wp\/v2\/types\/post"}],"author":[{"embeddable":true,"href":"https:\/\/tvc16.com\/portal\/wp-json\/wp\/v2\/users\/2"}],"replies":[{"embeddable":true,"href":"https:\/\/tvc16.com\/portal\/wp-json\/wp\/v2\/comments?post=13249"}],"version-history":[{"count":3,"href":"https:\/\/tvc16.com\/portal\/wp-json\/wp\/v2\/posts\/13249\/revisions"}],"predecessor-version":[{"id":13265,"href":"https:\/\/tvc16.com\/portal\/wp-json\/wp\/v2\/posts\/13249\/revisions\/13265"}],"wp:featuredmedia":[{"embeddable":true,"href":"https:\/\/tvc16.com\/portal\/wp-json\/wp\/v2\/media\/13250"}],"wp:attachment":[{"href":"https:\/\/tvc16.com\/portal\/wp-json\/wp\/v2\/media?parent=13249"}],"wp:term":[{"taxonomy":"category","embeddable":true,"href":"https:\/\/tvc16.com\/portal\/wp-json\/wp\/v2\/categories?post=13249"},{"taxonomy":"post_tag","embeddable":true,"href":"https:\/\/tvc16.com\/portal\/wp-json\/wp\/v2\/tags?post=13249"}],"curies":[{"name":"wp","href":"https:\/\/api.w.org\/{rel}","templated":true}]}}