{"id":13256,"date":"2021-04-21T12:09:42","date_gmt":"2021-04-21T15:09:42","guid":{"rendered":"https:\/\/tvc16.com\/portal\/?p=13256"},"modified":"2021-04-21T12:09:45","modified_gmt":"2021-04-21T15:09:45","slug":"brasilia-ganha-exposicao-virtual-com-imagens-e-documentos-ineditos","status":"publish","type":"post","link":"https:\/\/tvc16.com\/portal\/2021\/04\/21\/brasilia-ganha-exposicao-virtual-com-imagens-e-documentos-ineditos\/","title":{"rendered":"Bras\u00edlia ganha exposi\u00e7\u00e3o virtual com imagens e documentos in\u00e9ditos"},"content":{"rendered":"\n<h3 class=\"wp-block-heading\">Exposi\u00e7\u00e3o tem recursos para deficientes visuais e surdos<\/h3>\n\n\n\n<h4 class=\"wp-block-heading\">Por Lukas Augusto &#8211; Estagi\u00e1rio da Ag\u00eancia Brasil* &#8211; Bras\u00edlia<\/h4>\n\n\n\n<p>O Arquivo Publico do Distrito Federal (ARPDF) organizou um conjunto de&nbsp;<a href=\"http:\/\/www.arquivopublico.df.gov.br\/exposicoesvirtuais61\/\">cinco exposi\u00e7\u00f5es virtuais<\/a>&nbsp;in\u00e9ditas e inclusivas, chamado de&nbsp;<em>Bras\u00edlia &#8211; uma epopeia de 130 ano<\/em>s, para comemorar os 61 anos da cidade.<img decoding=\"async\" src=\"https:\/\/agenciabrasil.ebc.com.br\/ebc.png?id=1407363&amp;o=node\"><img decoding=\"async\" src=\"https:\/\/agenciabrasil.ebc.com.br\/ebc.gif?id=1407363&amp;o=node\"><\/p>\n\n\n\n<p>As exposi\u00e7\u00f5es contam com recursos de acessibilidade direcionados a deficientes visuais e surdos (Ledor e Libras).<\/p>\n\n\n\n<p>Em um esfor\u00e7o de servidores do Arquivo P\u00fablico, foi realizada uma curadoria entre os mais de 8 milh\u00f5es de documentos do arquivo. Foram organizadas centenas de fotos, documentos e filmes, al\u00e9m de fatos e curiosidades sobre o planejamento, constru\u00e7\u00e3o e inaugura\u00e7\u00e3o da cidade.<\/p>\n\n\n\n<p>A cada dia desta semana, \u00e9 liberada uma exposi\u00e7\u00e3o virtual. A primeira foi a&nbsp;<em>Comiss\u00f5es Cruls<\/em>, na \u00faltima segunda-feira (19). Em seguida, vieram as&nbsp;<em>Hist\u00f3rias do Lago Parano\u00e1<\/em>, nessa ter\u00e7a-feira (20), e hoje (21),&nbsp;<em>N\u00facleo de Apoio.&nbsp;<\/em>Amanh\u00e3 (22), ser\u00e1 a vez d<em>a Pra\u00e7a do Cruzeiro<\/em>&nbsp;e, por fim, na sexta-feira (23),&nbsp;<em>Marco Zero<\/em>.<\/p>\n\n\n\n<h2 class=\"wp-block-heading\">Acessibilidade<\/h2>\n\n\n\n<p>O acervo do Arquivo P\u00fablico conta com 60% de seus itens digitalizados e adaptados para cegos e surdos. Segundo o superintendente do ARPDF, Adalberto Scigliano, o processo de digitaliza\u00e7\u00e3o teve in\u00edcio no ano passado. \u201cNossa meta \u00e9 chegar at\u00e9 o fim deste 2021 com todas as m\u00eddias em formato acess\u00edvel para todos portadores de necessidades especiais, sejam elas deficientes auditivos, visuais, ou com alguma limita\u00e7\u00e3o\u201d, afirmou.<\/p>\n\n\n\n<p>Scigliano ressalta que o objetivo da exposi\u00e7\u00e3o \u00e9 revelar o que n\u00e3o estava acess\u00edvel \u00e0 popula\u00e7\u00e3o. \u201cNosso trabalho vai muito al\u00e9m de s\u00f3 recolher documentos antigos e public\u00e1-los. Queremos nos aproximar ao m\u00e1ximo da popula\u00e7\u00e3o brasiliense e contar suas narrativas, que at\u00e9 um tempo atr\u00e1s estavam nas sombras\u201d, ressaltou.<\/p>\n\n\n\n<p>\u201c\u00c9 preciso conhecer o passado, mexer nos arquivos e entender a hist\u00f3ria de um povo para, assim, conseguir desenhar uma perspectiva de futuro. Quando uma popula\u00e7\u00e3o n\u00e3o sabe da hist\u00f3ria de seu pr\u00f3prio povo, as perdas s\u00e3o imensur\u00e1veis para todo o pa\u00eds\u201d, ressaltou.<\/p>\n\n\n\n<p><em>*Estagi\u00e1rio sob a supervis\u00e3o de Kelly Oliveira.<\/em><\/p>\n\n\n\n<p>Edi\u00e7\u00e3o: Kelly Oliveira<\/p>\n","protected":false},"excerpt":{"rendered":"<p>Exposi\u00e7\u00e3o tem recursos para deficientes visuais e surdos Por Lukas Augusto &#8211; Estagi\u00e1rio da Ag\u00eancia<\/p>\n","protected":false},"author":2,"featured_media":13257,"comment_status":"open","ping_status":"open","sticky":false,"template":"","format":"standard","meta":{"footnotes":""},"categories":[17],"tags":[],"class_list":["post-13256","post","type-post","status-publish","format-standard","has-post-thumbnail","hentry","category-outras-noticias"],"_links":{"self":[{"href":"https:\/\/tvc16.com\/portal\/wp-json\/wp\/v2\/posts\/13256","targetHints":{"allow":["GET"]}}],"collection":[{"href":"https:\/\/tvc16.com\/portal\/wp-json\/wp\/v2\/posts"}],"about":[{"href":"https:\/\/tvc16.com\/portal\/wp-json\/wp\/v2\/types\/post"}],"author":[{"embeddable":true,"href":"https:\/\/tvc16.com\/portal\/wp-json\/wp\/v2\/users\/2"}],"replies":[{"embeddable":true,"href":"https:\/\/tvc16.com\/portal\/wp-json\/wp\/v2\/comments?post=13256"}],"version-history":[{"count":1,"href":"https:\/\/tvc16.com\/portal\/wp-json\/wp\/v2\/posts\/13256\/revisions"}],"predecessor-version":[{"id":13258,"href":"https:\/\/tvc16.com\/portal\/wp-json\/wp\/v2\/posts\/13256\/revisions\/13258"}],"wp:featuredmedia":[{"embeddable":true,"href":"https:\/\/tvc16.com\/portal\/wp-json\/wp\/v2\/media\/13257"}],"wp:attachment":[{"href":"https:\/\/tvc16.com\/portal\/wp-json\/wp\/v2\/media?parent=13256"}],"wp:term":[{"taxonomy":"category","embeddable":true,"href":"https:\/\/tvc16.com\/portal\/wp-json\/wp\/v2\/categories?post=13256"},{"taxonomy":"post_tag","embeddable":true,"href":"https:\/\/tvc16.com\/portal\/wp-json\/wp\/v2\/tags?post=13256"}],"curies":[{"name":"wp","href":"https:\/\/api.w.org\/{rel}","templated":true}]}}