{"id":13259,"date":"2021-04-21T12:10:25","date_gmt":"2021-04-21T15:10:25","guid":{"rendered":"https:\/\/tvc16.com\/portal\/?p=13259"},"modified":"2021-04-21T12:10:27","modified_gmt":"2021-04-21T15:10:27","slug":"rio-contra-a-fome-arrecada-mais-de-20-toneladas-de-alimentos","status":"publish","type":"post","link":"https:\/\/tvc16.com\/portal\/2021\/04\/21\/rio-contra-a-fome-arrecada-mais-de-20-toneladas-de-alimentos\/","title":{"rendered":"Rio Contra a Fome arrecada mais de 20 toneladas de alimentos"},"content":{"rendered":"\n<h3 class=\"wp-block-heading\">Doa\u00e7\u00f5es podem ser feitas nos postos de vacina\u00e7\u00e3o contra a covid-19<\/h3>\n\n\n\n<h4 class=\"wp-block-heading\">Por Ana Cristina Campos \u2013 Rep\u00f3rter da Ag\u00eancia Brasil &#8211; Rio de Janeiro<\/h4>\n\n\n\n<p>Todos os mais de 250 pontos de vacina\u00e7\u00e3o na cidade do Rio de Janeiro, incluindo aqueles que funcionam apenas no sistema de&nbsp;<em>drive-thru<\/em>, est\u00e3o recebendo doa\u00e7\u00f5es de itens da cesta b\u00e1sica de quem vai se vacinar contra a covid-19. A iniciativa Rio Contra a Fome arrecadou mais de 20 toneladas de alimentos em 18 dias de campanha.<img decoding=\"async\" src=\"https:\/\/agenciabrasil.ebc.com.br\/ebc.png?id=1407425&amp;o=node\"><img decoding=\"async\" src=\"https:\/\/agenciabrasil.ebc.com.br\/ebc.gif?id=1407425&amp;o=node\"><\/p>\n\n\n\n<p>A Secretaria Especial da Juventude Carioca (JUVRio) est\u00e1 \u00e0 frente da campanha, em parceria com a Secretaria Municipal de Sa\u00fade e a Secretaria Especial de A\u00e7\u00e3o Comunit\u00e1ria, recebendo as doa\u00e7\u00f5es, organizando a log\u00edstica e atuando como facilitadora com os coletivos e organiza\u00e7\u00f5es da sociedade civil parceiras, que ficam respons\u00e1veis pela distribui\u00e7\u00e3o dos alimentos.<\/p>\n\n\n\n<p>Os itens de cesta b\u00e1sica priorit\u00e1rios s\u00e3o arroz, feij\u00e3o, fub\u00e1, a\u00e7\u00facar, \u00f3leo de cozinha, leite em p\u00f3 e sabonetes. O secret\u00e1rio da JUVRio, Salvino Oliveira, disse que a meta \u00e9 aumentar de forma exponencial as doa\u00e7\u00f5es e fam\u00edlias auxiliadas.<\/p>\n\n\n\n<p>\u201cCom a diminui\u00e7\u00e3o na faixa et\u00e1ria do calend\u00e1rio de vacina\u00e7\u00e3o, mais pessoas v\u00e3o comparecer aos pontos e mais doa\u00e7\u00f5es ser\u00e3o feitas at\u00e9 que toda a popula\u00e7\u00e3o carioca esteja vacinada\u201d, afirmou, em nota.<\/p>\n\n\n\n<p>Segundo a JUVRio, os itens j\u00e1 est\u00e3o sendo encaminhados para mais de 60 coletivos e organiza\u00e7\u00f5es da sociedade civil que v\u00e3o distribuir \u00e0s fam\u00edlias que est\u00e3o passando por inseguran\u00e7a alimentar nas favelas e periferias.<\/p>\n\n\n\n<p>Coletivos e organiza\u00e7\u00f5es que desejem aderir \u00e0&nbsp;<a href=\"https:\/\/abre.ai\/riocontraafome\" target=\"_blank\" rel=\"noreferrer noopener\">Rio Contra a Fome<\/a>&nbsp;podem preencher um formul\u00e1rio. O cadastro continua aberto at\u00e9 dia 26 deste m\u00eas. Alguns dos crit\u00e9rios para poder participar da campanha s\u00e3o atuar h\u00e1 pelo menos um ano na mitiga\u00e7\u00e3o dos efeitos do novo coronav\u00edrus nas favelas e periferias e ter uma lista de fam\u00edlias mapeadas para serem atendidas com as doa\u00e7\u00f5es de alimentos.<\/p>\n\n\n\n<p>Edi\u00e7\u00e3o: A\u00e9cio Amado<\/p>\n","protected":false},"excerpt":{"rendered":"<p>Doa\u00e7\u00f5es podem ser feitas nos postos de vacina\u00e7\u00e3o contra a covid-19 Por Ana Cristina Campos<\/p>\n","protected":false},"author":2,"featured_media":13260,"comment_status":"open","ping_status":"open","sticky":false,"template":"","format":"standard","meta":{"footnotes":""},"categories":[17],"tags":[],"class_list":["post-13259","post","type-post","status-publish","format-standard","has-post-thumbnail","hentry","category-outras-noticias"],"_links":{"self":[{"href":"https:\/\/tvc16.com\/portal\/wp-json\/wp\/v2\/posts\/13259","targetHints":{"allow":["GET"]}}],"collection":[{"href":"https:\/\/tvc16.com\/portal\/wp-json\/wp\/v2\/posts"}],"about":[{"href":"https:\/\/tvc16.com\/portal\/wp-json\/wp\/v2\/types\/post"}],"author":[{"embeddable":true,"href":"https:\/\/tvc16.com\/portal\/wp-json\/wp\/v2\/users\/2"}],"replies":[{"embeddable":true,"href":"https:\/\/tvc16.com\/portal\/wp-json\/wp\/v2\/comments?post=13259"}],"version-history":[{"count":1,"href":"https:\/\/tvc16.com\/portal\/wp-json\/wp\/v2\/posts\/13259\/revisions"}],"predecessor-version":[{"id":13261,"href":"https:\/\/tvc16.com\/portal\/wp-json\/wp\/v2\/posts\/13259\/revisions\/13261"}],"wp:featuredmedia":[{"embeddable":true,"href":"https:\/\/tvc16.com\/portal\/wp-json\/wp\/v2\/media\/13260"}],"wp:attachment":[{"href":"https:\/\/tvc16.com\/portal\/wp-json\/wp\/v2\/media?parent=13259"}],"wp:term":[{"taxonomy":"category","embeddable":true,"href":"https:\/\/tvc16.com\/portal\/wp-json\/wp\/v2\/categories?post=13259"},{"taxonomy":"post_tag","embeddable":true,"href":"https:\/\/tvc16.com\/portal\/wp-json\/wp\/v2\/tags?post=13259"}],"curies":[{"name":"wp","href":"https:\/\/api.w.org\/{rel}","templated":true}]}}